{"id":79,"date":"2026-01-21T05:19:30","date_gmt":"2026-01-21T05:19:30","guid":{"rendered":"https:\/\/envetherm.com\/blog\/?p=79"},"modified":"2026-01-21T10:10:07","modified_gmt":"2026-01-21T10:10:07","slug":"ventilador-para-cozinha-industrial-em-sao-lucas-sp","status":"publish","type":"post","link":"https:\/\/www.envetherm.com\/blog\/2026\/01\/21\/ventilador-para-cozinha-industrial-em-sao-lucas-sp\/","title":{"rendered":"Ventilador para cozinha industrial em S\u00e3o Lucas SP\u00a0"},"content":{"rendered":"\n<p class=\"has-medium-font-size\"><em><strong>Encontre o melhor ventilador para cozinha industrial em S\u00e3o Lucas SP. Solu\u00e7\u00f5es eficientes e sustent\u00e1veis com tecnologia Envetherm.<\/strong><\/em><\/p>\n\n\n\n<p>Buscando o melhor <strong>ventilador para cozinha industrial em S\u00e3o Lucas SP<\/strong>? Ent\u00e3o, conte com a Envetherm!<\/p>\n\n\n\n<p>A Envetherm revolucionou o mercado de ventila\u00e7\u00e3o industrial h\u00e1 mais de 20 anos, quando iniciou a produ\u00e7\u00e3o dos ventiladores axiais super turbo, utilizando estudos aerodin\u00e2micos aliados \u00e0s mais avan\u00e7adas tecnologias de movimenta\u00e7\u00e3o de massa de ar.<\/p>\n\n\n\n<p>Esses diferenciais colocam a marca entre as principais refer\u00eancias em ventila\u00e7\u00e3o industrial no Brasil, especialmente em cozinhas profissionais que exigem efici\u00eancia, seguran\u00e7a e conforto t\u00e9rmico.<\/p>\n\n\n\n<h2 class=\"wp-block-heading\"><strong>Como funciona a ventila\u00e7\u00e3o em cozinhas industriais<\/strong><\/h2>\n\n\n\n<p>As cozinhas industriais exigem sistemas de ventila\u00e7\u00e3o capazes de renovar o ar constantemente, reduzindo vapores, gordura suspensa e odores. Assim, o ambiente se mant\u00e9m limpo, fresco e mais seguro para os colaboradores.<\/p>\n\n\n\n<p>Um ventilador industrial adequado cria um fluxo cont\u00ednuo de ar, eliminando o calor produzido por fornos e fog\u00f5es e mantendo a temperatura sob controle. Isso \u00e9 essencial para garantir o conforto t\u00e9rmico dos funcion\u00e1rios e o bom desempenho dos equipamentos.<\/p>\n\n\n\n<p>Portanto, investir em um sistema eficiente de ventila\u00e7\u00e3o \u00e9 uma quest\u00e3o de seguran\u00e7a alimentar e de produtividade.<\/p>\n\n\n\n<h2 class=\"wp-block-heading\"><strong>Por que usar ventilador para cozinha industrial em S\u00e3o Lucas SP?<\/strong>&nbsp;<\/h2>\n\n\n\n<p>A ventila\u00e7\u00e3o do ambiente pode at\u00e9 parecer uma exig\u00eancia sem sentido da legisla\u00e7\u00e3o, mas, em longo prazo, \u00e9 uma forma de evitar a contamina\u00e7\u00e3o e aumentar a produtividade na cozinha.&nbsp;<\/p>\n\n\n\n<p>Sem o ventilador para cozinha industrial em S\u00e3o Lucas SP, todo alimento que sai da refrigera\u00e7\u00e3o e n\u00e3o foi para coc\u00e7\u00e3o est\u00e1 na zona de perigo, ainda mais os crus e de origem animal. O risco de contamina\u00e7\u00e3o se torna muito grande.&nbsp;<\/p>\n\n\n\n<p>Mas a import\u00e2ncia da refrigera\u00e7\u00e3o vai al\u00e9m das temidas bact\u00e9rias. Em altas temperaturas, surgem sintomas como tontura, dor de cabe\u00e7a, fadiga, etc. E se os funcion\u00e1rios n\u00e3o se sentem bem, o trabalho \u00e9 prejudicado.&nbsp;<\/p>\n\n\n<div class=\"wp-block-image\">\n<figure class=\"aligncenter size-full is-resized\"><a href=\"https:\/\/www.envetherm.com\/ventiladores\" target=\"_blank\" rel=\"noreferrer noopener\"><img loading=\"lazy\" decoding=\"async\" width=\"400\" height=\"400\" src=\"https:\/\/envetherm.com\/blog\/wp-content\/uploads\/2021\/04\/ventilado.jpg\" alt=\"Ventilador para cozinha industrial em S\u00e3o Lucas SP\" class=\"wp-image-18\" style=\"width:345px;height:345px\" srcset=\"https:\/\/www.envetherm.com\/blog\/wp-content\/uploads\/2021\/04\/ventilado.jpg 400w, https:\/\/www.envetherm.com\/blog\/wp-content\/uploads\/2021\/04\/ventilado-300x300.jpg 300w, https:\/\/www.envetherm.com\/blog\/wp-content\/uploads\/2021\/04\/ventilado-150x150.jpg 150w\" sizes=\"auto, (max-width: 400px) 100vw, 400px\" \/><\/a><\/figure>\n<\/div>\n\n\n<h2 class=\"wp-block-heading\"><strong>Qual ventilador para cozinha industrial utilizar?<\/strong>&nbsp;<\/h2>\n\n\n\n<p>Confira a legisla\u00e7\u00e3o CVS 5 e o que diz sua se\u00e7\u00e3o espec\u00edfica sobre ventila\u00e7\u00e3o:&nbsp;<\/p>\n\n\n\n<ul class=\"wp-block-list\">\n<li>O sistema de ventila\u00e7\u00e3o deve garantir o conforto t\u00e9rmico, a renova\u00e7\u00e3o do ar e a manuten\u00e7\u00e3o do ambiente livre de fungos, gases, fuma\u00e7a, gordura e condensa\u00e7\u00e3o de vapores, dentre outros.&nbsp;<\/li>\n<\/ul>\n\n\n\n<ul class=\"wp-block-list\">\n<li>A circula\u00e7\u00e3o de ar poder\u00e1 ser feita, atrav\u00e9s de ar insuflado filtrado ou atrav\u00e9s de exaust\u00e3o. O fluxo de ar deve ser direcionado da \u00e1rea limpa para a suja. Os exaustores devem possuir telas milim\u00e9tricas remov\u00edveis para impedir a entrada de vetores e pragas urbanas. Periodicamente, os equipamentos e filtros devem sofrer manuten\u00e7\u00e3o e higieniza\u00e7\u00e3o.&nbsp;<\/li>\n<\/ul>\n\n\n\n<ul class=\"wp-block-list\">\n<li>N\u00e3o devem ser utilizados ventiladores e climatizadores com aspers\u00e3o de neblina sobre os alimentos, ou nas \u00e1reas de manipula\u00e7\u00e3o e armazenamento&nbsp;<\/li>\n<\/ul>\n\n\n\n<h2 class=\"wp-block-heading\"><strong>Benef\u00edcios diretos do ventilador para cozinhas industriais<\/strong><\/h2>\n\n\n\n<p>Al\u00e9m de cumprir as normas sanit\u00e1rias, o ventilador certo traz benef\u00edcios pr\u00e1ticos:<\/p>\n\n\n\n<ul class=\"wp-block-list\">\n<li><strong>Reduz odores e ac\u00famulo de gordura<\/strong> nas paredes e coifas;<\/li>\n\n\n\n<li><strong>Evita superaquecimento de equipamentos<\/strong> e preserva sua vida \u00fatil;<\/li>\n\n\n\n<li><strong>Melhora o bem-estar<\/strong> e a produtividade da equipe;<\/li>\n\n\n\n<li><strong>Contribui para menor consumo energ\u00e9tico<\/strong>, equilibrando o sistema de exaust\u00e3o e climatiza\u00e7\u00e3o.<\/li>\n<\/ul>\n\n\n\n<p>Assim, uma cozinha bem ventilada \u00e9 mais eficiente, segura e sustent\u00e1vel.<\/p>\n\n\n\n<h2 class=\"wp-block-heading\"><strong>Solu\u00e7\u00f5es Envetherm para cozinhas industriais<\/strong><\/h2>\n\n\n\n<p>A Envetherm desenvolve linhas completas de <strong>ventiladores axiais e exaustores industriais<\/strong> que atendem desde pequenos restaurantes at\u00e9 grandes cozinhas de redes aliment\u00edcias.<\/p>\n\n\n\n<p>Os equipamentos s\u00e3o fabricados com materiais resistentes \u00e0 umidade, gordura e altas temperaturas, garantindo <strong>durabilidade e desempenho constante<\/strong>.<\/p>\n\n\n\n<p>Al\u00e9m disso, cada modelo pode ser personalizado conforme o projeto do cliente, atendendo integralmente \u00e0s <strong>normas de seguran\u00e7a e ventila\u00e7\u00e3o da ANVISA e ABNT<\/strong>.<\/p>\n\n\n\n<p>Assim, a marca reafirma seu compromisso com a <strong>inova\u00e7\u00e3o, efici\u00eancia energ\u00e9tica e sustentabilidade<\/strong>.<\/p>\n\n\n\n<h2 class=\"wp-block-heading\">SIN\u00d4NIMO DE ALTA QUALIDADE EM VENTILADOR PARA COZINHA INDUSTRIAL EM S\u00c3O LUCAS SP<\/h2>\n\n\n\n<p>Se ainda n\u00e3o encontrou o seu ventilador para cozinha industrial, que tal entrar em contato com a Envetherm e colocar isso em pr\u00e1tica de forma inteligente e econ\u00f4mica?&nbsp;<\/p>\n\n\n\n<p>Visando atender o mercado exigente da ind\u00fastria em geral e de ventilador para cozinha industrial, a Envetherm disponibiliza os produtos mais confi\u00e1veis no mercado em sua categoria.&nbsp;&nbsp;<\/p>\n\n\n\n<p>Com design arrojado, aliado ao baixo consumo de energia e n\u00edveis de ru\u00eddos, os ventiladores obedecem \u00e0s normas NBR 10151 e 152 da ABNT. As inova\u00e7\u00f5es da Envetherm proporcionam aos usu\u00e1rios alta performance, versatilidade e custo baixo. &nbsp;<\/p>\n\n\n\n<p>Ent\u00e3o, entre em contato com a equipe da <strong>Envetherm<\/strong> e solicite uma avalia\u00e7\u00e3o t\u00e9cnica gratuita. Assim, voc\u00ea garante a solu\u00e7\u00e3o ideal para sua cozinha industrial em S\u00e3o Lucas SP, com desempenho superior e seguran\u00e7a total.<\/p>\n\n\n\n<p class=\"has-medium-font-size\"><strong><em>Fale com a Envetherm e solicite seu or\u00e7amento personalizado agora mesmo.<\/em><\/strong><\/p>\n\n\n<div class=\"wp-block-image\">\n<figure class=\"aligncenter size-large is-resized\"><a href=\"https:\/\/www.envetherm.com\/contato\" target=\"_blank\" rel=\"noreferrer noopener\"><img loading=\"lazy\" decoding=\"async\" width=\"1024\" height=\"576\" src=\"https:\/\/envetherm.com\/blog\/wp-content\/uploads\/2021\/04\/Como-melhorar-a-ventilacao-de-ambientes-fechados-1024x576.png\" alt=\"Ventilador para cozinha industrial em S\u00e3o Lucas SP\" class=\"wp-image-19\" style=\"width:678px;height:381px\" srcset=\"https:\/\/www.envetherm.com\/blog\/wp-content\/uploads\/2021\/04\/Como-melhorar-a-ventilacao-de-ambientes-fechados-1024x576.png 1024w, https:\/\/www.envetherm.com\/blog\/wp-content\/uploads\/2021\/04\/Como-melhorar-a-ventilacao-de-ambientes-fechados-300x169.png 300w, https:\/\/www.envetherm.com\/blog\/wp-content\/uploads\/2021\/04\/Como-melhorar-a-ventilacao-de-ambientes-fechados-768x432.png 768w, https:\/\/www.envetherm.com\/blog\/wp-content\/uploads\/2021\/04\/Como-melhorar-a-ventilacao-de-ambientes-fechados-1536x864.png 1536w, https:\/\/www.envetherm.com\/blog\/wp-content\/uploads\/2021\/04\/Como-melhorar-a-ventilacao-de-ambientes-fechados-2048x1152.png 2048w, https:\/\/www.envetherm.com\/blog\/wp-content\/uploads\/2021\/04\/Como-melhorar-a-ventilacao-de-ambientes-fechados-540x304.png 540w, https:\/\/www.envetherm.com\/blog\/wp-content\/uploads\/2021\/04\/Como-melhorar-a-ventilacao-de-ambientes-fechados-1140x641.png 1140w\" sizes=\"auto, (max-width: 1024px) 100vw, 1024px\" \/><\/a><\/figure>\n<\/div>","protected":false},"excerpt":{"rendered":"<p>Encontre o melhor ventilador para cozinha industrial em S\u00e3o Lucas SP. Solu\u00e7\u00f5es eficientes e sustent\u00e1veis com tecnologia Envetherm. Buscando o&hellip; <a class=\"read-more\" href=\"https:\/\/www.envetherm.com\/blog\/2026\/01\/21\/ventilador-para-cozinha-industrial-em-sao-lucas-sp\/\">Continue lendo<\/a><\/p>\n","protected":false},"author":1,"featured_media":18,"comment_status":"open","ping_status":"open","sticky":false,"template":"","format":"standard","meta":{"footnotes":""},"categories":[33],"tags":[71,72,70,68,69,67,64,65,66],"class_list":["post-79","post","type-post","status-publish","format-standard","has-post-thumbnail","hentry","category-ventilador-industrial","tag-aplicacoes-do-ventilador-para-cozinha-industrial-em-sao-lucas-sp","tag-compre-o-ventilador-para-cozinha-industrial-em-sao-lucas-sp","tag-conheca-o-ventilador-para-cozinha-industrial-em-sao-lucas-sp","tag-empresa-especializada-em-ventilador-para-cozinha-industrial-em-sao-lucas-sp","tag-invista-no-ventilador-para-cozinha-industrial-em-sao-lucas-sp","tag-modelos-de-ventilador-para-cozinha-industrial-em-sao-lucas-sp","tag-o-que-e-o-ventilador-para-cozinha-industrial-em-sao-lucas-sp","tag-por-que-usar-o-ventilador-para-cozinha-industrial-em-sao-lucas-sp","tag-qual-ventilador-para-cozinha-industrial-em-sao-lucas-sp-utilizar"],"yoast_head":"<!-- This site is optimized with the Yoast SEO plugin v23.6 - https:\/\/yoast.com\/wordpress\/plugins\/seo\/ -->\n<title>Ventilador para cozinha industrial em S\u00e3o Lucas SP\u00a0 - Blog<\/title>\n<meta name=\"description\" content=\"Encontre o melhor ventilador para cozinha industrial em S\u00e3o Lucas SP. Solu\u00e7\u00f5es eficientes e sustent\u00e1veis com tecnologia Envetherm.\" \/>\n<meta name=\"robots\" content=\"index, follow, max-snippet:-1, max-image-preview:large, max-video-preview:-1\" \/>\n<link rel=\"canonical\" href=\"https:\/\/www.envetherm.com\/blog\/2026\/01\/21\/ventilador-para-cozinha-industrial-em-sao-lucas-sp\/\" \/>\n<meta property=\"og:locale\" content=\"pt_BR\" \/>\n<meta property=\"og:type\" content=\"article\" \/>\n<meta property=\"og:title\" content=\"Ventilador para cozinha industrial em S\u00e3o Lucas SP\u00a0 - Blog\" \/>\n<meta property=\"og:description\" content=\"Encontre o melhor ventilador para cozinha industrial em S\u00e3o Lucas SP. Solu\u00e7\u00f5es eficientes e sustent\u00e1veis com tecnologia Envetherm.\" \/>\n<meta property=\"og:url\" content=\"https:\/\/www.envetherm.com\/blog\/2026\/01\/21\/ventilador-para-cozinha-industrial-em-sao-lucas-sp\/\" \/>\n<meta property=\"og:site_name\" content=\"Blog\" \/>\n<meta property=\"article:published_time\" content=\"2026-01-21T05:19:30+00:00\" \/>\n<meta property=\"article:modified_time\" content=\"2026-01-21T10:10:07+00:00\" \/>\n<meta property=\"og:image\" content=\"https:\/\/www.envetherm.com\/blog\/wp-content\/uploads\/2021\/04\/ventilado.jpg\" \/>\n\t<meta property=\"og:image:width\" content=\"400\" \/>\n\t<meta property=\"og:image:height\" content=\"400\" \/>\n\t<meta property=\"og:image:type\" content=\"image\/jpeg\" \/>\n<meta name=\"author\" content=\"admin\" \/>\n<meta name=\"twitter:card\" content=\"summary_large_image\" \/>\n<meta name=\"twitter:label1\" content=\"Escrito por\" \/>\n\t<meta name=\"twitter:data1\" content=\"admin\" \/>\n\t<meta name=\"twitter:label2\" content=\"Est. tempo de leitura\" \/>\n\t<meta name=\"twitter:data2\" content=\"5 minutos\" \/>\n<script type=\"application\/ld+json\" class=\"yoast-schema-graph\">{\"@context\":\"https:\/\/schema.org\",\"@graph\":[{\"@type\":\"Article\",\"@id\":\"https:\/\/www.envetherm.com\/blog\/2026\/01\/21\/ventilador-para-cozinha-industrial-em-sao-lucas-sp\/#article\",\"isPartOf\":{\"@id\":\"https:\/\/www.envetherm.com\/blog\/2026\/01\/21\/ventilador-para-cozinha-industrial-em-sao-lucas-sp\/\"},\"author\":{\"name\":\"admin\",\"@id\":\"https:\/\/www.envetherm.com\/blog\/#\/schema\/person\/0193d66cd2c13c7c925f6d25d7d3f04d\"},\"headline\":\"Ventilador para cozinha industrial em S\u00e3o Lucas SP\u00a0\",\"datePublished\":\"2026-01-21T05:19:30+00:00\",\"dateModified\":\"2026-01-21T10:10:07+00:00\",\"mainEntityOfPage\":{\"@id\":\"https:\/\/www.envetherm.com\/blog\/2026\/01\/21\/ventilador-para-cozinha-industrial-em-sao-lucas-sp\/\"},\"wordCount\":848,\"commentCount\":0,\"publisher\":{\"@id\":\"https:\/\/www.envetherm.com\/blog\/#organization\"},\"image\":{\"@id\":\"https:\/\/www.envetherm.com\/blog\/2026\/01\/21\/ventilador-para-cozinha-industrial-em-sao-lucas-sp\/#primaryimage\"},\"thumbnailUrl\":\"https:\/\/www.envetherm.com\/blog\/wp-content\/uploads\/2021\/04\/ventilado.jpg\",\"keywords\":[\"Aplica\u00e7\u00f5es do ventilador para cozinha industrial em S\u00e3o Lucas SP\",\"Compre o ventilador para cozinha industrial em S\u00e3o Lucas SP\",\"Conhe\u00e7a o ventilador para cozinha industrial em S\u00e3o Lucas SP\",\"Empresa especializada em ventilador para cozinha industrial em S\u00e3o Lucas SP\",\"Invista no ventilador para cozinha industrial em S\u00e3o Lucas SP\",\"Modelos de ventilador para cozinha industrial em S\u00e3o Lucas SP\",\"O que \u00e9 o ventilador para cozinha industrial em S\u00e3o Lucas SP\",\"Por que usar o ventilador para cozinha industrial em S\u00e3o Lucas SP\",\"Qual ventilador para cozinha industrial em S\u00e3o Lucas SP utilizar\"],\"articleSection\":[\"Ventilador Industrial\"],\"inLanguage\":\"pt-BR\",\"potentialAction\":[{\"@type\":\"CommentAction\",\"name\":\"Comment\",\"target\":[\"https:\/\/www.envetherm.com\/blog\/2026\/01\/21\/ventilador-para-cozinha-industrial-em-sao-lucas-sp\/#respond\"]}]},{\"@type\":\"WebPage\",\"@id\":\"https:\/\/www.envetherm.com\/blog\/2026\/01\/21\/ventilador-para-cozinha-industrial-em-sao-lucas-sp\/\",\"url\":\"https:\/\/www.envetherm.com\/blog\/2026\/01\/21\/ventilador-para-cozinha-industrial-em-sao-lucas-sp\/\",\"name\":\"Ventilador para cozinha industrial em S\u00e3o Lucas SP\u00a0 - Blog\",\"isPartOf\":{\"@id\":\"https:\/\/www.envetherm.com\/blog\/#website\"},\"primaryImageOfPage\":{\"@id\":\"https:\/\/www.envetherm.com\/blog\/2026\/01\/21\/ventilador-para-cozinha-industrial-em-sao-lucas-sp\/#primaryimage\"},\"image\":{\"@id\":\"https:\/\/www.envetherm.com\/blog\/2026\/01\/21\/ventilador-para-cozinha-industrial-em-sao-lucas-sp\/#primaryimage\"},\"thumbnailUrl\":\"https:\/\/www.envetherm.com\/blog\/wp-content\/uploads\/2021\/04\/ventilado.jpg\",\"datePublished\":\"2026-01-21T05:19:30+00:00\",\"dateModified\":\"2026-01-21T10:10:07+00:00\",\"description\":\"Encontre o melhor ventilador para cozinha industrial em S\u00e3o Lucas SP. Solu\u00e7\u00f5es eficientes e sustent\u00e1veis com tecnologia Envetherm.\",\"breadcrumb\":{\"@id\":\"https:\/\/www.envetherm.com\/blog\/2026\/01\/21\/ventilador-para-cozinha-industrial-em-sao-lucas-sp\/#breadcrumb\"},\"inLanguage\":\"pt-BR\",\"potentialAction\":[{\"@type\":\"ReadAction\",\"target\":[\"https:\/\/www.envetherm.com\/blog\/2026\/01\/21\/ventilador-para-cozinha-industrial-em-sao-lucas-sp\/\"]}]},{\"@type\":\"ImageObject\",\"inLanguage\":\"pt-BR\",\"@id\":\"https:\/\/www.envetherm.com\/blog\/2026\/01\/21\/ventilador-para-cozinha-industrial-em-sao-lucas-sp\/#primaryimage\",\"url\":\"https:\/\/www.envetherm.com\/blog\/wp-content\/uploads\/2021\/04\/ventilado.jpg\",\"contentUrl\":\"https:\/\/www.envetherm.com\/blog\/wp-content\/uploads\/2021\/04\/ventilado.jpg\",\"width\":400,\"height\":400,\"caption\":\"https:\/\/envetherm.com\/\"},{\"@type\":\"BreadcrumbList\",\"@id\":\"https:\/\/www.envetherm.com\/blog\/2026\/01\/21\/ventilador-para-cozinha-industrial-em-sao-lucas-sp\/#breadcrumb\",\"itemListElement\":[{\"@type\":\"ListItem\",\"position\":1,\"name\":\"In\u00edcio\",\"item\":\"https:\/\/www.envetherm.com\/blog\/\"},{\"@type\":\"ListItem\",\"position\":2,\"name\":\"Ventilador para cozinha industrial em S\u00e3o Lucas SP\u00a0\"}]},{\"@type\":\"WebSite\",\"@id\":\"https:\/\/www.envetherm.com\/blog\/#website\",\"url\":\"https:\/\/www.envetherm.com\/blog\/\",\"name\":\"Blog\",\"description\":\"Dicas e novidades sobre ventila\u00e7\u00e3o\",\"publisher\":{\"@id\":\"https:\/\/www.envetherm.com\/blog\/#organization\"},\"potentialAction\":[{\"@type\":\"SearchAction\",\"target\":{\"@type\":\"EntryPoint\",\"urlTemplate\":\"https:\/\/www.envetherm.com\/blog\/?s={search_term_string}\"},\"query-input\":{\"@type\":\"PropertyValueSpecification\",\"valueRequired\":true,\"valueName\":\"search_term_string\"}}],\"inLanguage\":\"pt-BR\"},{\"@type\":\"Organization\",\"@id\":\"https:\/\/www.envetherm.com\/blog\/#organization\",\"name\":\"Blog\",\"url\":\"https:\/\/www.envetherm.com\/blog\/\",\"logo\":{\"@type\":\"ImageObject\",\"inLanguage\":\"pt-BR\",\"@id\":\"https:\/\/www.envetherm.com\/blog\/#\/schema\/logo\/image\/\",\"url\":\"https:\/\/www.envetherm.com\/blog\/wp-content\/uploads\/2021\/04\/envethermlogo.png\",\"contentUrl\":\"https:\/\/www.envetherm.com\/blog\/wp-content\/uploads\/2021\/04\/envethermlogo.png\",\"width\":397,\"height\":96,\"caption\":\"Blog\"},\"image\":{\"@id\":\"https:\/\/www.envetherm.com\/blog\/#\/schema\/logo\/image\/\"}},{\"@type\":\"Person\",\"@id\":\"https:\/\/www.envetherm.com\/blog\/#\/schema\/person\/0193d66cd2c13c7c925f6d25d7d3f04d\",\"name\":\"admin\",\"image\":{\"@type\":\"ImageObject\",\"inLanguage\":\"pt-BR\",\"@id\":\"https:\/\/www.envetherm.com\/blog\/#\/schema\/person\/image\/\",\"url\":\"https:\/\/secure.gravatar.com\/avatar\/519708a100015b8733851e7e19a5cb29b4cceab1427abae743dff12effd8a77f?s=96&d=mm&r=g\",\"contentUrl\":\"https:\/\/secure.gravatar.com\/avatar\/519708a100015b8733851e7e19a5cb29b4cceab1427abae743dff12effd8a77f?s=96&d=mm&r=g\",\"caption\":\"admin\"},\"sameAs\":[\"https:\/\/envetherm.com\/blog\"],\"url\":\"https:\/\/www.envetherm.com\/blog\/author\/admin\/\"}]}<\/script>\n<!-- \/ Yoast SEO plugin. -->","yoast_head_json":{"title":"Ventilador para cozinha industrial em S\u00e3o Lucas SP\u00a0 - Blog","description":"Encontre o melhor ventilador para cozinha industrial em S\u00e3o Lucas SP. Solu\u00e7\u00f5es eficientes e sustent\u00e1veis com tecnologia Envetherm.","robots":{"index":"index","follow":"follow","max-snippet":"max-snippet:-1","max-image-preview":"max-image-preview:large","max-video-preview":"max-video-preview:-1"},"canonical":"https:\/\/www.envetherm.com\/blog\/2026\/01\/21\/ventilador-para-cozinha-industrial-em-sao-lucas-sp\/","og_locale":"pt_BR","og_type":"article","og_title":"Ventilador para cozinha industrial em S\u00e3o Lucas SP\u00a0 - Blog","og_description":"Encontre o melhor ventilador para cozinha industrial em S\u00e3o Lucas SP. Solu\u00e7\u00f5es eficientes e sustent\u00e1veis com tecnologia Envetherm.","og_url":"https:\/\/www.envetherm.com\/blog\/2026\/01\/21\/ventilador-para-cozinha-industrial-em-sao-lucas-sp\/","og_site_name":"Blog","article_published_time":"2026-01-21T05:19:30+00:00","article_modified_time":"2026-01-21T10:10:07+00:00","og_image":[{"width":400,"height":400,"url":"https:\/\/www.envetherm.com\/blog\/wp-content\/uploads\/2021\/04\/ventilado.jpg","type":"image\/jpeg"}],"author":"admin","twitter_card":"summary_large_image","twitter_misc":{"Escrito por":"admin","Est. tempo de leitura":"5 minutos"},"schema":{"@context":"https:\/\/schema.org","@graph":[{"@type":"Article","@id":"https:\/\/www.envetherm.com\/blog\/2026\/01\/21\/ventilador-para-cozinha-industrial-em-sao-lucas-sp\/#article","isPartOf":{"@id":"https:\/\/www.envetherm.com\/blog\/2026\/01\/21\/ventilador-para-cozinha-industrial-em-sao-lucas-sp\/"},"author":{"name":"admin","@id":"https:\/\/www.envetherm.com\/blog\/#\/schema\/person\/0193d66cd2c13c7c925f6d25d7d3f04d"},"headline":"Ventilador para cozinha industrial em S\u00e3o Lucas SP\u00a0","datePublished":"2026-01-21T05:19:30+00:00","dateModified":"2026-01-21T10:10:07+00:00","mainEntityOfPage":{"@id":"https:\/\/www.envetherm.com\/blog\/2026\/01\/21\/ventilador-para-cozinha-industrial-em-sao-lucas-sp\/"},"wordCount":848,"commentCount":0,"publisher":{"@id":"https:\/\/www.envetherm.com\/blog\/#organization"},"image":{"@id":"https:\/\/www.envetherm.com\/blog\/2026\/01\/21\/ventilador-para-cozinha-industrial-em-sao-lucas-sp\/#primaryimage"},"thumbnailUrl":"https:\/\/www.envetherm.com\/blog\/wp-content\/uploads\/2021\/04\/ventilado.jpg","keywords":["Aplica\u00e7\u00f5es do ventilador para cozinha industrial em S\u00e3o Lucas SP","Compre o ventilador para cozinha industrial em S\u00e3o Lucas SP","Conhe\u00e7a o ventilador para cozinha industrial em S\u00e3o Lucas SP","Empresa especializada em ventilador para cozinha industrial em S\u00e3o Lucas SP","Invista no ventilador para cozinha industrial em S\u00e3o Lucas SP","Modelos de ventilador para cozinha industrial em S\u00e3o Lucas SP","O que \u00e9 o ventilador para cozinha industrial em S\u00e3o Lucas SP","Por que usar o ventilador para cozinha industrial em S\u00e3o Lucas SP","Qual ventilador para cozinha industrial em S\u00e3o Lucas SP utilizar"],"articleSection":["Ventilador Industrial"],"inLanguage":"pt-BR","potentialAction":[{"@type":"CommentAction","name":"Comment","target":["https:\/\/www.envetherm.com\/blog\/2026\/01\/21\/ventilador-para-cozinha-industrial-em-sao-lucas-sp\/#respond"]}]},{"@type":"WebPage","@id":"https:\/\/www.envetherm.com\/blog\/2026\/01\/21\/ventilador-para-cozinha-industrial-em-sao-lucas-sp\/","url":"https:\/\/www.envetherm.com\/blog\/2026\/01\/21\/ventilador-para-cozinha-industrial-em-sao-lucas-sp\/","name":"Ventilador para cozinha industrial em S\u00e3o Lucas SP\u00a0 - Blog","isPartOf":{"@id":"https:\/\/www.envetherm.com\/blog\/#website"},"primaryImageOfPage":{"@id":"https:\/\/www.envetherm.com\/blog\/2026\/01\/21\/ventilador-para-cozinha-industrial-em-sao-lucas-sp\/#primaryimage"},"image":{"@id":"https:\/\/www.envetherm.com\/blog\/2026\/01\/21\/ventilador-para-cozinha-industrial-em-sao-lucas-sp\/#primaryimage"},"thumbnailUrl":"https:\/\/www.envetherm.com\/blog\/wp-content\/uploads\/2021\/04\/ventilado.jpg","datePublished":"2026-01-21T05:19:30+00:00","dateModified":"2026-01-21T10:10:07+00:00","description":"Encontre o melhor ventilador para cozinha industrial em S\u00e3o Lucas SP. Solu\u00e7\u00f5es eficientes e sustent\u00e1veis com tecnologia Envetherm.","breadcrumb":{"@id":"https:\/\/www.envetherm.com\/blog\/2026\/01\/21\/ventilador-para-cozinha-industrial-em-sao-lucas-sp\/#breadcrumb"},"inLanguage":"pt-BR","potentialAction":[{"@type":"ReadAction","target":["https:\/\/www.envetherm.com\/blog\/2026\/01\/21\/ventilador-para-cozinha-industrial-em-sao-lucas-sp\/"]}]},{"@type":"ImageObject","inLanguage":"pt-BR","@id":"https:\/\/www.envetherm.com\/blog\/2026\/01\/21\/ventilador-para-cozinha-industrial-em-sao-lucas-sp\/#primaryimage","url":"https:\/\/www.envetherm.com\/blog\/wp-content\/uploads\/2021\/04\/ventilado.jpg","contentUrl":"https:\/\/www.envetherm.com\/blog\/wp-content\/uploads\/2021\/04\/ventilado.jpg","width":400,"height":400,"caption":"https:\/\/envetherm.com\/"},{"@type":"BreadcrumbList","@id":"https:\/\/www.envetherm.com\/blog\/2026\/01\/21\/ventilador-para-cozinha-industrial-em-sao-lucas-sp\/#breadcrumb","itemListElement":[{"@type":"ListItem","position":1,"name":"In\u00edcio","item":"https:\/\/www.envetherm.com\/blog\/"},{"@type":"ListItem","position":2,"name":"Ventilador para cozinha industrial em S\u00e3o Lucas SP\u00a0"}]},{"@type":"WebSite","@id":"https:\/\/www.envetherm.com\/blog\/#website","url":"https:\/\/www.envetherm.com\/blog\/","name":"Blog","description":"Dicas e novidades sobre ventila\u00e7\u00e3o","publisher":{"@id":"https:\/\/www.envetherm.com\/blog\/#organization"},"potentialAction":[{"@type":"SearchAction","target":{"@type":"EntryPoint","urlTemplate":"https:\/\/www.envetherm.com\/blog\/?s={search_term_string}"},"query-input":{"@type":"PropertyValueSpecification","valueRequired":true,"valueName":"search_term_string"}}],"inLanguage":"pt-BR"},{"@type":"Organization","@id":"https:\/\/www.envetherm.com\/blog\/#organization","name":"Blog","url":"https:\/\/www.envetherm.com\/blog\/","logo":{"@type":"ImageObject","inLanguage":"pt-BR","@id":"https:\/\/www.envetherm.com\/blog\/#\/schema\/logo\/image\/","url":"https:\/\/www.envetherm.com\/blog\/wp-content\/uploads\/2021\/04\/envethermlogo.png","contentUrl":"https:\/\/www.envetherm.com\/blog\/wp-content\/uploads\/2021\/04\/envethermlogo.png","width":397,"height":96,"caption":"Blog"},"image":{"@id":"https:\/\/www.envetherm.com\/blog\/#\/schema\/logo\/image\/"}},{"@type":"Person","@id":"https:\/\/www.envetherm.com\/blog\/#\/schema\/person\/0193d66cd2c13c7c925f6d25d7d3f04d","name":"admin","image":{"@type":"ImageObject","inLanguage":"pt-BR","@id":"https:\/\/www.envetherm.com\/blog\/#\/schema\/person\/image\/","url":"https:\/\/secure.gravatar.com\/avatar\/519708a100015b8733851e7e19a5cb29b4cceab1427abae743dff12effd8a77f?s=96&d=mm&r=g","contentUrl":"https:\/\/secure.gravatar.com\/avatar\/519708a100015b8733851e7e19a5cb29b4cceab1427abae743dff12effd8a77f?s=96&d=mm&r=g","caption":"admin"},"sameAs":["https:\/\/envetherm.com\/blog"],"url":"https:\/\/www.envetherm.com\/blog\/author\/admin\/"}]}},"_links":{"self":[{"href":"https:\/\/www.envetherm.com\/blog\/wp-json\/wp\/v2\/posts\/79","targetHints":{"allow":["GET"]}}],"collection":[{"href":"https:\/\/www.envetherm.com\/blog\/wp-json\/wp\/v2\/posts"}],"about":[{"href":"https:\/\/www.envetherm.com\/blog\/wp-json\/wp\/v2\/types\/post"}],"author":[{"embeddable":true,"href":"https:\/\/www.envetherm.com\/blog\/wp-json\/wp\/v2\/users\/1"}],"replies":[{"embeddable":true,"href":"https:\/\/www.envetherm.com\/blog\/wp-json\/wp\/v2\/comments?post=79"}],"version-history":[{"count":3,"href":"https:\/\/www.envetherm.com\/blog\/wp-json\/wp\/v2\/posts\/79\/revisions"}],"predecessor-version":[{"id":475,"href":"https:\/\/www.envetherm.com\/blog\/wp-json\/wp\/v2\/posts\/79\/revisions\/475"}],"wp:featuredmedia":[{"embeddable":true,"href":"https:\/\/www.envetherm.com\/blog\/wp-json\/wp\/v2\/media\/18"}],"wp:attachment":[{"href":"https:\/\/www.envetherm.com\/blog\/wp-json\/wp\/v2\/media?parent=79"}],"wp:term":[{"taxonomy":"category","embeddable":true,"href":"https:\/\/www.envetherm.com\/blog\/wp-json\/wp\/v2\/categories?post=79"},{"taxonomy":"post_tag","embeddable":true,"href":"https:\/\/www.envetherm.com\/blog\/wp-json\/wp\/v2\/tags?post=79"}],"curies":[{"name":"wp","href":"https:\/\/api.w.org\/{rel}","templated":true}]}}