{"id":71,"date":"2026-01-05T05:25:21","date_gmt":"2026-01-05T05:25:21","guid":{"rendered":"https:\/\/envetherm.com\/blog\/?p=71"},"modified":"2026-01-05T10:59:04","modified_gmt":"2026-01-05T10:59:04","slug":"ventilador-para-industria-vila-ema","status":"publish","type":"post","link":"https:\/\/www.envetherm.com\/blog\/2026\/01\/05\/ventilador-para-industria-vila-ema\/","title":{"rendered":"Ventilador para ind\u00fastria Vila Ema"},"content":{"rendered":"\n<p>Buscando o melhor ventilador para ind\u00fastria Vila Ema? Conte com a Envetherm!&nbsp;<\/p>\n\n\n\n<p>A Envetherm revolucionou o mercado de ventila\u00e7\u00e3o industrial, h\u00e1 mais de 20 anos, quando deu in\u00edcio a produ\u00e7\u00e3o dos ventiladores axiais super turbo, utilizando estudos aerodin\u00e2micos aliados \u00e0s mais avan\u00e7adas tecnologias de movimentos de massa de ar.&nbsp;<\/p>\n\n\n\n<h2 class=\"wp-block-heading\"><strong>O que \u00e9 ventilador para ind\u00fastria Vila Ema?<\/strong>&nbsp;<\/h2>\n\n\n\n<p>O ventilador para ind\u00fastria \u00e9 uma maneira que n\u00e3o agride o meio ambiente de regular a temperatura do local.&nbsp;<\/p>\n\n\n\n<p>Diferente dos ventiladores que temos em casa, o ventilador para ind\u00fastria faz o ar do ambiente circular de uma maneira ecol\u00f3gica que n\u00e3o agride o meio ambiente.&nbsp;&nbsp;<\/p>\n\n\n<div class=\"wp-block-image\">\n<figure class=\"aligncenter size-full is-resized\"><a href=\"https:\/\/www.envetherm.com\/ventiladores\" target=\"_blank\" rel=\"noreferrer noopener\"><img loading=\"lazy\" decoding=\"async\" src=\"https:\/\/envetherm.com\/blog\/wp-content\/uploads\/2023\/02\/ventilador-modelo-vr-22.jpg\" alt=\"Ventilador para ind\u00fastria Vila Ema\" class=\"wp-image-72\" width=\"344\" height=\"344\" srcset=\"https:\/\/www.envetherm.com\/blog\/wp-content\/uploads\/2023\/02\/ventilador-modelo-vr-22.jpg 400w, https:\/\/www.envetherm.com\/blog\/wp-content\/uploads\/2023\/02\/ventilador-modelo-vr-22-300x300.jpg 300w, https:\/\/www.envetherm.com\/blog\/wp-content\/uploads\/2023\/02\/ventilador-modelo-vr-22-150x150.jpg 150w, https:\/\/www.envetherm.com\/blog\/wp-content\/uploads\/2023\/02\/ventilador-modelo-vr-22-96x96.jpg 96w\" sizes=\"auto, (max-width: 344px) 100vw, 344px\" \/><\/a><\/figure>\n<\/div>\n\n\n<h2 class=\"wp-block-heading\"><strong>Onde utilizar?<\/strong>&nbsp;<\/h2>\n\n\n\n<p>O ventilador para ind\u00fastria Vila Ema \u00e9 muito utilizado em segmentos como os de cimento, a\u00e7\u00facar e \u00e1lcool, papel e celulose, caldeiras de biomassa ou qu\u00edmicas, aliment\u00edcia, automobil\u00edstica, gera\u00e7\u00e3o de energia, petroqu\u00edmica, minera\u00e7\u00e3o, dentre diversas outros para insuflar ou aspirar o ar ou gases dos ambientes.&nbsp;<\/p>\n\n\n\n<h2 class=\"wp-block-heading\"><strong>Vantagens do ventilador para ind\u00fastria Vila Ema<\/strong>&nbsp;<\/h2>\n\n\n\n<p>Quando se fala de ventilador para ind\u00fastria, \u00e9 poss\u00edvel dizer que o item \u00e9 um equipamento de alto desempenho que tem como principal finalidade movimentar ar ou gases dentro de um sistema de ventila\u00e7\u00e3o. A empresa Envetherm assegura diversas vantagens para os clientes que buscam adquirir o ventilador para ind\u00fastria, tais como:&nbsp;&nbsp;<\/p>\n\n\n\n<ul class=\"wp-block-list\">\n<li>Alta performance;&nbsp;&nbsp;<\/li>\n\n\n\n<li>Alta resist\u00eancia mec\u00e2nica e qu\u00edmica;&nbsp;&nbsp;<\/li>\n\n\n\n<li>Baixo \u00edndice e custo de manuten\u00e7\u00e3o;\u00a0\u00a0<\/li>\n\n\n\n<li>Pre\u00e7o justo e acess\u00edvel;&nbsp;<\/li>\n\n\n\n<li>Longa vida \u00fatil.&nbsp;<\/li>\n<\/ul>\n\n\n\n<p><strong>SIN\u00d4NIMO DE ALTA QUALIDADE EM VENTILADOR PARA IND\u00daSTRIA VILA EMA<\/strong>&nbsp;<\/p>\n\n\n\n<p>Visando atender o mercado exigente da ind\u00fastria em geral e de ventilador para ind\u00fastria, a Envetherm disponibiliza os produtos mais confi\u00e1veis no mercado em sua categoria.&nbsp;<\/p>\n\n\n\n<p>Com design arrojado, aliado ao baixo consumo de energia e n\u00edveis de ru\u00eddos, os ventiladores obedecem \u00e0s normas NBR 10151 e 152 da ABNT. As inova\u00e7\u00f5es da Envetherm proporcionam aos usu\u00e1rios alta performance, versatilidade e custo baixo.&nbsp;&nbsp;<\/p>\n\n\n<div class=\"wp-block-image\">\n<figure class=\"aligncenter size-large is-resized\"><a href=\"https:\/\/www.envetherm.com\/contato\" target=\"_blank\" rel=\"noreferrer noopener\"><img loading=\"lazy\" decoding=\"async\" src=\"https:\/\/envetherm.com\/blog\/wp-content\/uploads\/2021\/04\/CTA-ENVETHERM-1024x576.png\" alt=\"Ventilador para ind\u00fastria Vila Ema\" class=\"wp-image-20\" width=\"698\" height=\"392\" srcset=\"https:\/\/www.envetherm.com\/blog\/wp-content\/uploads\/2021\/04\/CTA-ENVETHERM-1024x576.png 1024w, https:\/\/www.envetherm.com\/blog\/wp-content\/uploads\/2021\/04\/CTA-ENVETHERM-300x169.png 300w, https:\/\/www.envetherm.com\/blog\/wp-content\/uploads\/2021\/04\/CTA-ENVETHERM-768x432.png 768w, https:\/\/www.envetherm.com\/blog\/wp-content\/uploads\/2021\/04\/CTA-ENVETHERM-1536x864.png 1536w, https:\/\/www.envetherm.com\/blog\/wp-content\/uploads\/2021\/04\/CTA-ENVETHERM-2048x1152.png 2048w, https:\/\/www.envetherm.com\/blog\/wp-content\/uploads\/2021\/04\/CTA-ENVETHERM-540x304.png 540w, https:\/\/www.envetherm.com\/blog\/wp-content\/uploads\/2021\/04\/CTA-ENVETHERM-1140x641.png 1140w\" sizes=\"auto, (max-width: 698px) 100vw, 698px\" \/><\/a><\/figure>\n<\/div>\n\n\n<p><a href=\"https:\/\/envetherm.com\/blog\/\" target=\"_blank\" aria-label=\"Entre em contato (opens in a new tab)\" rel=\"noreferrer noopener\" class=\"rank-math-link\">Entre em contato<\/a> e se surpreenda!<\/p>\n","protected":false},"excerpt":{"rendered":"<p>Buscando o melhor ventilador para ind\u00fastria Vila Ema? Conte com a Envetherm!&nbsp; A Envetherm revolucionou o mercado de ventila\u00e7\u00e3o industrial,&hellip; <a class=\"read-more\" href=\"https:\/\/www.envetherm.com\/blog\/2026\/01\/05\/ventilador-para-industria-vila-ema\/\">Continue lendo<\/a><\/p>\n","protected":false},"author":1,"featured_media":73,"comment_status":"open","ping_status":"open","sticky":false,"template":"","format":"standard","meta":{"footnotes":""},"categories":[33],"tags":[50,51,47,44,49,46,48,45,43],"class_list":["post-71","post","type-post","status-publish","format-standard","has-post-thumbnail","hentry","category-ventilador-industrial","tag-conheca-o-ventilador-para-industria-vila-ema","tag-descubra-o-ventilador-para-industria-vila-ema","tag-empresa-especializada-em-ventilador-para-industria-vila-ema","tag-o-que-e-o-ventilador-para-industria-vila-ema","tag-onde-comprar-o-ventilador-para-industria-vila-ema","tag-onde-utilizar-o-ventilador-para-industria-vila-ema","tag-por-que-investir-no-ventilador-para-industria-vila-ema","tag-vantagens-do-ventilador-para-industria-vila-ema","tag-ventilador-para-industria-vila-ema"],"yoast_head":"<!-- This site is optimized with the Yoast SEO plugin v23.6 - https:\/\/yoast.com\/wordpress\/plugins\/seo\/ -->\n<title>Ventilador para ind\u00fastria Vila Ema - Blog<\/title>\n<meta name=\"robots\" content=\"index, follow, max-snippet:-1, max-image-preview:large, max-video-preview:-1\" \/>\n<link rel=\"canonical\" href=\"https:\/\/www.envetherm.com\/blog\/2026\/01\/05\/ventilador-para-industria-vila-ema\/\" \/>\n<meta property=\"og:locale\" content=\"pt_BR\" \/>\n<meta property=\"og:type\" content=\"article\" \/>\n<meta property=\"og:title\" content=\"Ventilador para ind\u00fastria Vila Ema - Blog\" \/>\n<meta property=\"og:description\" content=\"Buscando o melhor ventilador para ind\u00fastria Vila Ema? Conte com a Envetherm!&nbsp; A Envetherm revolucionou o mercado de ventila\u00e7\u00e3o industrial,&hellip; Continue lendo\" \/>\n<meta property=\"og:url\" content=\"https:\/\/www.envetherm.com\/blog\/2026\/01\/05\/ventilador-para-industria-vila-ema\/\" \/>\n<meta property=\"og:site_name\" content=\"Blog\" \/>\n<meta property=\"article:published_time\" content=\"2026-01-05T05:25:21+00:00\" \/>\n<meta property=\"article:modified_time\" content=\"2026-01-05T10:59:04+00:00\" \/>\n<meta property=\"og:image\" content=\"https:\/\/www.envetherm.com\/blog\/wp-content\/uploads\/2023\/02\/evento-6.jpg\" \/>\n\t<meta property=\"og:image:width\" content=\"600\" \/>\n\t<meta property=\"og:image:height\" content=\"600\" \/>\n\t<meta property=\"og:image:type\" content=\"image\/jpeg\" \/>\n<meta name=\"author\" content=\"admin\" \/>\n<meta name=\"twitter:card\" content=\"summary_large_image\" \/>\n<meta name=\"twitter:label1\" content=\"Escrito por\" \/>\n\t<meta name=\"twitter:data1\" content=\"admin\" \/>\n\t<meta name=\"twitter:label2\" content=\"Est. tempo de leitura\" \/>\n\t<meta name=\"twitter:data2\" content=\"2 minutos\" \/>\n<script type=\"application\/ld+json\" class=\"yoast-schema-graph\">{\"@context\":\"https:\/\/schema.org\",\"@graph\":[{\"@type\":\"Article\",\"@id\":\"https:\/\/www.envetherm.com\/blog\/2026\/01\/05\/ventilador-para-industria-vila-ema\/#article\",\"isPartOf\":{\"@id\":\"https:\/\/www.envetherm.com\/blog\/2026\/01\/05\/ventilador-para-industria-vila-ema\/\"},\"author\":{\"name\":\"admin\",\"@id\":\"https:\/\/www.envetherm.com\/blog\/#\/schema\/person\/0193d66cd2c13c7c925f6d25d7d3f04d\"},\"headline\":\"Ventilador para ind\u00fastria Vila Ema\",\"datePublished\":\"2026-01-05T05:25:21+00:00\",\"dateModified\":\"2026-01-05T10:59:04+00:00\",\"mainEntityOfPage\":{\"@id\":\"https:\/\/www.envetherm.com\/blog\/2026\/01\/05\/ventilador-para-industria-vila-ema\/\"},\"wordCount\":368,\"commentCount\":0,\"publisher\":{\"@id\":\"https:\/\/www.envetherm.com\/blog\/#organization\"},\"image\":{\"@id\":\"https:\/\/www.envetherm.com\/blog\/2026\/01\/05\/ventilador-para-industria-vila-ema\/#primaryimage\"},\"thumbnailUrl\":\"https:\/\/www.envetherm.com\/blog\/wp-content\/uploads\/2023\/02\/evento-6.jpg\",\"keywords\":[\"Conhe\u00e7a o ventilador para ind\u00fastria Vila Ema\",\"Descubra o ventilador para ind\u00fastria Vila Ema\",\"Empresa especializada em ventilador para ind\u00fastria Vila Ema\",\"O que \u00e9 o ventilador para ind\u00fastria Vila Ema\",\"Onde comprar o ventilador para ind\u00fastria Vila Ema\",\"Onde utilizar o ventilador para ind\u00fastria Vila Ema\",\"Por que investir no ventilador para ind\u00fastria Vila Ema\",\"Vantagens do ventilador para ind\u00fastria Vila Ema\",\"Ventilador para ind\u00fastria Vila Ema\"],\"articleSection\":[\"Ventilador Industrial\"],\"inLanguage\":\"pt-BR\",\"potentialAction\":[{\"@type\":\"CommentAction\",\"name\":\"Comment\",\"target\":[\"https:\/\/www.envetherm.com\/blog\/2026\/01\/05\/ventilador-para-industria-vila-ema\/#respond\"]}]},{\"@type\":\"WebPage\",\"@id\":\"https:\/\/www.envetherm.com\/blog\/2026\/01\/05\/ventilador-para-industria-vila-ema\/\",\"url\":\"https:\/\/www.envetherm.com\/blog\/2026\/01\/05\/ventilador-para-industria-vila-ema\/\",\"name\":\"Ventilador para ind\u00fastria Vila Ema - Blog\",\"isPartOf\":{\"@id\":\"https:\/\/www.envetherm.com\/blog\/#website\"},\"primaryImageOfPage\":{\"@id\":\"https:\/\/www.envetherm.com\/blog\/2026\/01\/05\/ventilador-para-industria-vila-ema\/#primaryimage\"},\"image\":{\"@id\":\"https:\/\/www.envetherm.com\/blog\/2026\/01\/05\/ventilador-para-industria-vila-ema\/#primaryimage\"},\"thumbnailUrl\":\"https:\/\/www.envetherm.com\/blog\/wp-content\/uploads\/2023\/02\/evento-6.jpg\",\"datePublished\":\"2026-01-05T05:25:21+00:00\",\"dateModified\":\"2026-01-05T10:59:04+00:00\",\"breadcrumb\":{\"@id\":\"https:\/\/www.envetherm.com\/blog\/2026\/01\/05\/ventilador-para-industria-vila-ema\/#breadcrumb\"},\"inLanguage\":\"pt-BR\",\"potentialAction\":[{\"@type\":\"ReadAction\",\"target\":[\"https:\/\/www.envetherm.com\/blog\/2026\/01\/05\/ventilador-para-industria-vila-ema\/\"]}]},{\"@type\":\"ImageObject\",\"inLanguage\":\"pt-BR\",\"@id\":\"https:\/\/www.envetherm.com\/blog\/2026\/01\/05\/ventilador-para-industria-vila-ema\/#primaryimage\",\"url\":\"https:\/\/www.envetherm.com\/blog\/wp-content\/uploads\/2023\/02\/evento-6.jpg\",\"contentUrl\":\"https:\/\/www.envetherm.com\/blog\/wp-content\/uploads\/2023\/02\/evento-6.jpg\",\"width\":600,\"height\":600,\"caption\":\"Ventilador para ind\u00fastria Vila Ema\"},{\"@type\":\"BreadcrumbList\",\"@id\":\"https:\/\/www.envetherm.com\/blog\/2026\/01\/05\/ventilador-para-industria-vila-ema\/#breadcrumb\",\"itemListElement\":[{\"@type\":\"ListItem\",\"position\":1,\"name\":\"In\u00edcio\",\"item\":\"https:\/\/www.envetherm.com\/blog\/\"},{\"@type\":\"ListItem\",\"position\":2,\"name\":\"Ventilador para ind\u00fastria Vila Ema\"}]},{\"@type\":\"WebSite\",\"@id\":\"https:\/\/www.envetherm.com\/blog\/#website\",\"url\":\"https:\/\/www.envetherm.com\/blog\/\",\"name\":\"Blog\",\"description\":\"Dicas e novidades sobre ventila\u00e7\u00e3o\",\"publisher\":{\"@id\":\"https:\/\/www.envetherm.com\/blog\/#organization\"},\"potentialAction\":[{\"@type\":\"SearchAction\",\"target\":{\"@type\":\"EntryPoint\",\"urlTemplate\":\"https:\/\/www.envetherm.com\/blog\/?s={search_term_string}\"},\"query-input\":{\"@type\":\"PropertyValueSpecification\",\"valueRequired\":true,\"valueName\":\"search_term_string\"}}],\"inLanguage\":\"pt-BR\"},{\"@type\":\"Organization\",\"@id\":\"https:\/\/www.envetherm.com\/blog\/#organization\",\"name\":\"Blog\",\"url\":\"https:\/\/www.envetherm.com\/blog\/\",\"logo\":{\"@type\":\"ImageObject\",\"inLanguage\":\"pt-BR\",\"@id\":\"https:\/\/www.envetherm.com\/blog\/#\/schema\/logo\/image\/\",\"url\":\"https:\/\/www.envetherm.com\/blog\/wp-content\/uploads\/2021\/04\/envethermlogo.png\",\"contentUrl\":\"https:\/\/www.envetherm.com\/blog\/wp-content\/uploads\/2021\/04\/envethermlogo.png\",\"width\":397,\"height\":96,\"caption\":\"Blog\"},\"image\":{\"@id\":\"https:\/\/www.envetherm.com\/blog\/#\/schema\/logo\/image\/\"}},{\"@type\":\"Person\",\"@id\":\"https:\/\/www.envetherm.com\/blog\/#\/schema\/person\/0193d66cd2c13c7c925f6d25d7d3f04d\",\"name\":\"admin\",\"image\":{\"@type\":\"ImageObject\",\"inLanguage\":\"pt-BR\",\"@id\":\"https:\/\/www.envetherm.com\/blog\/#\/schema\/person\/image\/\",\"url\":\"https:\/\/secure.gravatar.com\/avatar\/519708a100015b8733851e7e19a5cb29b4cceab1427abae743dff12effd8a77f?s=96&d=mm&r=g\",\"contentUrl\":\"https:\/\/secure.gravatar.com\/avatar\/519708a100015b8733851e7e19a5cb29b4cceab1427abae743dff12effd8a77f?s=96&d=mm&r=g\",\"caption\":\"admin\"},\"sameAs\":[\"https:\/\/envetherm.com\/blog\"],\"url\":\"https:\/\/www.envetherm.com\/blog\/author\/admin\/\"}]}<\/script>\n<!-- \/ Yoast SEO plugin. -->","yoast_head_json":{"title":"Ventilador para ind\u00fastria Vila Ema - Blog","robots":{"index":"index","follow":"follow","max-snippet":"max-snippet:-1","max-image-preview":"max-image-preview:large","max-video-preview":"max-video-preview:-1"},"canonical":"https:\/\/www.envetherm.com\/blog\/2026\/01\/05\/ventilador-para-industria-vila-ema\/","og_locale":"pt_BR","og_type":"article","og_title":"Ventilador para ind\u00fastria Vila Ema - Blog","og_description":"Buscando o melhor ventilador para ind\u00fastria Vila Ema? Conte com a Envetherm!&nbsp; A Envetherm revolucionou o mercado de ventila\u00e7\u00e3o industrial,&hellip; Continue lendo","og_url":"https:\/\/www.envetherm.com\/blog\/2026\/01\/05\/ventilador-para-industria-vila-ema\/","og_site_name":"Blog","article_published_time":"2026-01-05T05:25:21+00:00","article_modified_time":"2026-01-05T10:59:04+00:00","og_image":[{"width":600,"height":600,"url":"https:\/\/www.envetherm.com\/blog\/wp-content\/uploads\/2023\/02\/evento-6.jpg","type":"image\/jpeg"}],"author":"admin","twitter_card":"summary_large_image","twitter_misc":{"Escrito por":"admin","Est. tempo de leitura":"2 minutos"},"schema":{"@context":"https:\/\/schema.org","@graph":[{"@type":"Article","@id":"https:\/\/www.envetherm.com\/blog\/2026\/01\/05\/ventilador-para-industria-vila-ema\/#article","isPartOf":{"@id":"https:\/\/www.envetherm.com\/blog\/2026\/01\/05\/ventilador-para-industria-vila-ema\/"},"author":{"name":"admin","@id":"https:\/\/www.envetherm.com\/blog\/#\/schema\/person\/0193d66cd2c13c7c925f6d25d7d3f04d"},"headline":"Ventilador para ind\u00fastria Vila Ema","datePublished":"2026-01-05T05:25:21+00:00","dateModified":"2026-01-05T10:59:04+00:00","mainEntityOfPage":{"@id":"https:\/\/www.envetherm.com\/blog\/2026\/01\/05\/ventilador-para-industria-vila-ema\/"},"wordCount":368,"commentCount":0,"publisher":{"@id":"https:\/\/www.envetherm.com\/blog\/#organization"},"image":{"@id":"https:\/\/www.envetherm.com\/blog\/2026\/01\/05\/ventilador-para-industria-vila-ema\/#primaryimage"},"thumbnailUrl":"https:\/\/www.envetherm.com\/blog\/wp-content\/uploads\/2023\/02\/evento-6.jpg","keywords":["Conhe\u00e7a o ventilador para ind\u00fastria Vila Ema","Descubra o ventilador para ind\u00fastria Vila Ema","Empresa especializada em ventilador para ind\u00fastria Vila Ema","O que \u00e9 o ventilador para ind\u00fastria Vila Ema","Onde comprar o ventilador para ind\u00fastria Vila Ema","Onde utilizar o ventilador para ind\u00fastria Vila Ema","Por que investir no ventilador para ind\u00fastria Vila Ema","Vantagens do ventilador para ind\u00fastria Vila Ema","Ventilador para ind\u00fastria Vila Ema"],"articleSection":["Ventilador Industrial"],"inLanguage":"pt-BR","potentialAction":[{"@type":"CommentAction","name":"Comment","target":["https:\/\/www.envetherm.com\/blog\/2026\/01\/05\/ventilador-para-industria-vila-ema\/#respond"]}]},{"@type":"WebPage","@id":"https:\/\/www.envetherm.com\/blog\/2026\/01\/05\/ventilador-para-industria-vila-ema\/","url":"https:\/\/www.envetherm.com\/blog\/2026\/01\/05\/ventilador-para-industria-vila-ema\/","name":"Ventilador para ind\u00fastria Vila Ema - Blog","isPartOf":{"@id":"https:\/\/www.envetherm.com\/blog\/#website"},"primaryImageOfPage":{"@id":"https:\/\/www.envetherm.com\/blog\/2026\/01\/05\/ventilador-para-industria-vila-ema\/#primaryimage"},"image":{"@id":"https:\/\/www.envetherm.com\/blog\/2026\/01\/05\/ventilador-para-industria-vila-ema\/#primaryimage"},"thumbnailUrl":"https:\/\/www.envetherm.com\/blog\/wp-content\/uploads\/2023\/02\/evento-6.jpg","datePublished":"2026-01-05T05:25:21+00:00","dateModified":"2026-01-05T10:59:04+00:00","breadcrumb":{"@id":"https:\/\/www.envetherm.com\/blog\/2026\/01\/05\/ventilador-para-industria-vila-ema\/#breadcrumb"},"inLanguage":"pt-BR","potentialAction":[{"@type":"ReadAction","target":["https:\/\/www.envetherm.com\/blog\/2026\/01\/05\/ventilador-para-industria-vila-ema\/"]}]},{"@type":"ImageObject","inLanguage":"pt-BR","@id":"https:\/\/www.envetherm.com\/blog\/2026\/01\/05\/ventilador-para-industria-vila-ema\/#primaryimage","url":"https:\/\/www.envetherm.com\/blog\/wp-content\/uploads\/2023\/02\/evento-6.jpg","contentUrl":"https:\/\/www.envetherm.com\/blog\/wp-content\/uploads\/2023\/02\/evento-6.jpg","width":600,"height":600,"caption":"Ventilador para ind\u00fastria Vila Ema"},{"@type":"BreadcrumbList","@id":"https:\/\/www.envetherm.com\/blog\/2026\/01\/05\/ventilador-para-industria-vila-ema\/#breadcrumb","itemListElement":[{"@type":"ListItem","position":1,"name":"In\u00edcio","item":"https:\/\/www.envetherm.com\/blog\/"},{"@type":"ListItem","position":2,"name":"Ventilador para ind\u00fastria Vila Ema"}]},{"@type":"WebSite","@id":"https:\/\/www.envetherm.com\/blog\/#website","url":"https:\/\/www.envetherm.com\/blog\/","name":"Blog","description":"Dicas e novidades sobre ventila\u00e7\u00e3o","publisher":{"@id":"https:\/\/www.envetherm.com\/blog\/#organization"},"potentialAction":[{"@type":"SearchAction","target":{"@type":"EntryPoint","urlTemplate":"https:\/\/www.envetherm.com\/blog\/?s={search_term_string}"},"query-input":{"@type":"PropertyValueSpecification","valueRequired":true,"valueName":"search_term_string"}}],"inLanguage":"pt-BR"},{"@type":"Organization","@id":"https:\/\/www.envetherm.com\/blog\/#organization","name":"Blog","url":"https:\/\/www.envetherm.com\/blog\/","logo":{"@type":"ImageObject","inLanguage":"pt-BR","@id":"https:\/\/www.envetherm.com\/blog\/#\/schema\/logo\/image\/","url":"https:\/\/www.envetherm.com\/blog\/wp-content\/uploads\/2021\/04\/envethermlogo.png","contentUrl":"https:\/\/www.envetherm.com\/blog\/wp-content\/uploads\/2021\/04\/envethermlogo.png","width":397,"height":96,"caption":"Blog"},"image":{"@id":"https:\/\/www.envetherm.com\/blog\/#\/schema\/logo\/image\/"}},{"@type":"Person","@id":"https:\/\/www.envetherm.com\/blog\/#\/schema\/person\/0193d66cd2c13c7c925f6d25d7d3f04d","name":"admin","image":{"@type":"ImageObject","inLanguage":"pt-BR","@id":"https:\/\/www.envetherm.com\/blog\/#\/schema\/person\/image\/","url":"https:\/\/secure.gravatar.com\/avatar\/519708a100015b8733851e7e19a5cb29b4cceab1427abae743dff12effd8a77f?s=96&d=mm&r=g","contentUrl":"https:\/\/secure.gravatar.com\/avatar\/519708a100015b8733851e7e19a5cb29b4cceab1427abae743dff12effd8a77f?s=96&d=mm&r=g","caption":"admin"},"sameAs":["https:\/\/envetherm.com\/blog"],"url":"https:\/\/www.envetherm.com\/blog\/author\/admin\/"}]}},"_links":{"self":[{"href":"https:\/\/www.envetherm.com\/blog\/wp-json\/wp\/v2\/posts\/71","targetHints":{"allow":["GET"]}}],"collection":[{"href":"https:\/\/www.envetherm.com\/blog\/wp-json\/wp\/v2\/posts"}],"about":[{"href":"https:\/\/www.envetherm.com\/blog\/wp-json\/wp\/v2\/types\/post"}],"author":[{"embeddable":true,"href":"https:\/\/www.envetherm.com\/blog\/wp-json\/wp\/v2\/users\/1"}],"replies":[{"embeddable":true,"href":"https:\/\/www.envetherm.com\/blog\/wp-json\/wp\/v2\/comments?post=71"}],"version-history":[{"count":1,"href":"https:\/\/www.envetherm.com\/blog\/wp-json\/wp\/v2\/posts\/71\/revisions"}],"predecessor-version":[{"id":74,"href":"https:\/\/www.envetherm.com\/blog\/wp-json\/wp\/v2\/posts\/71\/revisions\/74"}],"wp:featuredmedia":[{"embeddable":true,"href":"https:\/\/www.envetherm.com\/blog\/wp-json\/wp\/v2\/media\/73"}],"wp:attachment":[{"href":"https:\/\/www.envetherm.com\/blog\/wp-json\/wp\/v2\/media?parent=71"}],"wp:term":[{"taxonomy":"category","embeddable":true,"href":"https:\/\/www.envetherm.com\/blog\/wp-json\/wp\/v2\/categories?post=71"},{"taxonomy":"post_tag","embeddable":true,"href":"https:\/\/www.envetherm.com\/blog\/wp-json\/wp\/v2\/tags?post=71"}],"curies":[{"name":"wp","href":"https:\/\/api.w.org\/{rel}","templated":true}]}}