{"id":65,"date":"2026-02-24T13:11:09","date_gmt":"2026-02-24T13:11:09","guid":{"rendered":"https:\/\/envetherm.com\/blog\/?p=65"},"modified":"2026-02-24T16:50:30","modified_gmt":"2026-02-24T16:50:30","slug":"ventilador-industrial-de-parede-na-zona-leste","status":"publish","type":"post","link":"https:\/\/www.envetherm.com\/blog\/2026\/02\/24\/ventilador-industrial-de-parede-na-zona-leste\/","title":{"rendered":"Ventilador industrial de parede na Zona Leste"},"content":{"rendered":"\n<p>Buscando o melhor ventilador industrial de parede na Zona Leste? Conte com a Envetherm!\u00a0<\/p>\n\n\n\n<p>A Envetherm revolucionou o mercado de ventila\u00e7\u00e3o industrial, h\u00e1 mais de 20 anos, quando deu in\u00edcio a produ\u00e7\u00e3o dos ventiladores axiais super turbo, utilizando estudos aerodin\u00e2micos aliados \u00e0s mais avan\u00e7adas tecnologias de movimentos de massa de ar.&nbsp;<\/p>\n\n\n\n<h2 class=\"wp-block-heading\"><strong>O que \u00e9 ventilador industrial de parede na Zona Leste?<\/strong>\u00a0<\/h2>\n\n\n\n<p>O ventilador industrial de parede \u00e9 um equipamento utilizado para controlar a temperatura e o ar do ambiente fabril, com o objetivo de adequar a atmosfera \u00e0s melhores condi\u00e7\u00f5es de produ\u00e7\u00e3o. Esse equipamento pode ser ben\u00e9fico tanto para a sa\u00fade e bem-estar dos profissionais fabris como tamb\u00e9m serve para inibir a entrada de poeira no local.&nbsp;<\/p>\n\n\n\n<p>O equipamento \u00e9 montado em uma abertura de uma parede com acesso ao ar externo do ambiente e fixado por parafusos. O fluxo de ar \u00e9 captado do exterior e \u00e9 lan\u00e7ado horizontalmente no ambiente, em baixa velocidade e grande volume de ar.&nbsp;<\/p>\n\n\n<div class=\"wp-block-image\">\n<figure class=\"aligncenter size-full is-resized\"><a href=\"https:\/\/www.envetherm.com\/ventiladores\" target=\"_blank\" rel=\"noreferrer noopener\"><img loading=\"lazy\" decoding=\"async\" src=\"https:\/\/envetherm.com\/blog\/wp-content\/uploads\/2023\/02\/ventilador-com-suporte-em-u.jpg\" alt=\"Ventilador industrial de parede na Zona Leste\" class=\"wp-image-66\" width=\"329\" height=\"329\" srcset=\"https:\/\/www.envetherm.com\/blog\/wp-content\/uploads\/2023\/02\/ventilador-com-suporte-em-u.jpg 400w, https:\/\/www.envetherm.com\/blog\/wp-content\/uploads\/2023\/02\/ventilador-com-suporte-em-u-300x300.jpg 300w, https:\/\/www.envetherm.com\/blog\/wp-content\/uploads\/2023\/02\/ventilador-com-suporte-em-u-150x150.jpg 150w, https:\/\/www.envetherm.com\/blog\/wp-content\/uploads\/2023\/02\/ventilador-com-suporte-em-u-96x96.jpg 96w\" sizes=\"auto, (max-width: 329px) 100vw, 329px\" \/><\/a><\/figure>\n<\/div>\n\n\n<h2 class=\"wp-block-heading\"><strong>Aplica\u00e7\u00f5es do ventilador industrial de parede na Zona Leste<\/strong>   \u00a0<\/h2>\n\n\n\n<p>O ventilador industrial de parede Envetherm pode ser usado em praticamente todas as ind\u00fastrias que possuam concentra\u00e7\u00e3o de m\u00e3o de obra situadas em linha ou c\u00e9lulas de produ\u00e7\u00e3o.&nbsp;&nbsp;<\/p>\n\n\n\n<p>Exemplo: grande aplica\u00e7\u00e3o nas ind\u00fastrias de fabrica\u00e7\u00e3o de cal\u00e7ados, onde um fluxo \u00e9 gerado ao longo de uma linha de produ\u00e7\u00e3o e todos os ventiladores apontados para um \u00fanico sentido e em sequ\u00eancia dentro da f\u00e1brica, captando ar externo de uma extremidade e enviando para a sa\u00edda em outra extremidade&nbsp;<\/p>\n\n\n\n<h2 class=\"wp-block-heading\"><strong>SIN\u00d4NIMO DE ALTA QUALIDADE EM VENTILADOR INDUSTRIAL DE PAREDE NA ZONA LESTE<\/strong>\u00a0<\/h2>\n\n\n\n<p>Visando atender o mercado exigente da ind\u00fastria em geral e de ventilador industrial de parede, a Envetherm disponibiliza os produtos mais confi\u00e1veis no mercado em sua categoria.&nbsp;<\/p>\n\n\n\n<p>Com design arrojado, aliado ao baixo consumo de energia e n\u00edveis de ru\u00eddos, os ventiladores obedecem \u00e0s normas NBR 10151 e 152 da ABNT. As inova\u00e7\u00f5es da Envetherm proporcionam aos usu\u00e1rios alta performance, versatilidade e custo baixo.&nbsp;&nbsp;<\/p>\n\n\n<div class=\"wp-block-image\">\n<figure class=\"aligncenter size-large is-resized\"><a href=\"https:\/\/envetherm.com\/blog\/\" target=\"_blank\" rel=\"noreferrer noopener\"><img loading=\"lazy\" decoding=\"async\" src=\"https:\/\/envetherm.com\/blog\/wp-content\/uploads\/2021\/04\/CTA-ENVETHERM-1024x576.png\" alt=\"Ventilador industrial de parede na Zona Leste\" class=\"wp-image-20\" width=\"620\" height=\"348\" srcset=\"https:\/\/www.envetherm.com\/blog\/wp-content\/uploads\/2021\/04\/CTA-ENVETHERM-1024x576.png 1024w, https:\/\/www.envetherm.com\/blog\/wp-content\/uploads\/2021\/04\/CTA-ENVETHERM-300x169.png 300w, https:\/\/www.envetherm.com\/blog\/wp-content\/uploads\/2021\/04\/CTA-ENVETHERM-768x432.png 768w, https:\/\/www.envetherm.com\/blog\/wp-content\/uploads\/2021\/04\/CTA-ENVETHERM-1536x864.png 1536w, https:\/\/www.envetherm.com\/blog\/wp-content\/uploads\/2021\/04\/CTA-ENVETHERM-2048x1152.png 2048w, https:\/\/www.envetherm.com\/blog\/wp-content\/uploads\/2021\/04\/CTA-ENVETHERM-540x304.png 540w, https:\/\/www.envetherm.com\/blog\/wp-content\/uploads\/2021\/04\/CTA-ENVETHERM-1140x641.png 1140w\" sizes=\"auto, (max-width: 620px) 100vw, 620px\" \/><\/a><\/figure>\n<\/div>\n\n\n<p><a href=\"https:\/\/www.envetherm.com\/contato\" target=\"_blank\" aria-label=\"Entre em contato (opens in a new tab)\" rel=\"noreferrer noopener\" class=\"rank-math-link\">Entre em contato<\/a> e se surpreenda!<\/p>\n","protected":false},"excerpt":{"rendered":"<p>Buscando o melhor ventilador industrial de parede na Zona Leste? Conte com a Envetherm!\u00a0 A Envetherm revolucionou o mercado de&hellip; <a class=\"read-more\" href=\"https:\/\/www.envetherm.com\/blog\/2026\/02\/24\/ventilador-industrial-de-parede-na-zona-leste\/\">Continue lendo<\/a><\/p>\n","protected":false},"author":1,"featured_media":67,"comment_status":"open","ping_status":"open","sticky":false,"template":"","format":"standard","meta":{"footnotes":""},"categories":[33],"tags":[36,41,42,38,40,35,37,39,34],"class_list":["post-65","post","type-post","status-publish","format-standard","has-post-thumbnail","hentry","category-ventilador-industrial","tag-aplicacoes-do-ventilador-industrial-de-parede-na-zona-leste","tag-compre-o-ventilador-industrial-de-parede-na-zona-leste","tag-conheca-o-ventilador-industrial-de-parede-na-zona-leste","tag-empresa-especializada-em-ventilador-industrial-de-parede-na-zona-leste","tag-invista-no-ventilador-industrial-de-parede-na-zona-leste","tag-o-que-e-o-ventilador-industrial-de-parede-na-zona-leste","tag-onde-comprar-ventilador-industrial-de-parede-na-zona-leste","tag-vantagens-do-ventilador-industrial-de-parede-na-zona-leste","tag-ventilador-industrial-de-parede-na-zona-leste"],"yoast_head":"<!-- This site is optimized with the Yoast SEO plugin v23.6 - https:\/\/yoast.com\/wordpress\/plugins\/seo\/ -->\n<title>Ventilador industrial de parede na Zona Leste - Blog<\/title>\n<meta name=\"robots\" content=\"index, follow, max-snippet:-1, max-image-preview:large, max-video-preview:-1\" \/>\n<link rel=\"canonical\" href=\"https:\/\/www.envetherm.com\/blog\/2026\/02\/24\/ventilador-industrial-de-parede-na-zona-leste\/\" \/>\n<meta property=\"og:locale\" content=\"pt_BR\" \/>\n<meta property=\"og:type\" content=\"article\" \/>\n<meta property=\"og:title\" content=\"Ventilador industrial de parede na Zona Leste - Blog\" \/>\n<meta property=\"og:description\" content=\"Buscando o melhor ventilador industrial de parede na Zona Leste? Conte com a Envetherm!\u00a0 A Envetherm revolucionou o mercado de&hellip; Continue lendo\" \/>\n<meta property=\"og:url\" content=\"https:\/\/www.envetherm.com\/blog\/2026\/02\/24\/ventilador-industrial-de-parede-na-zona-leste\/\" \/>\n<meta property=\"og:site_name\" content=\"Blog\" \/>\n<meta property=\"article:published_time\" content=\"2026-02-24T13:11:09+00:00\" \/>\n<meta property=\"article:modified_time\" content=\"2026-02-24T16:50:30+00:00\" \/>\n<meta property=\"og:image\" content=\"https:\/\/www.envetherm.com\/blog\/wp-content\/uploads\/2023\/02\/evento-8.jpg\" \/>\n\t<meta property=\"og:image:width\" content=\"600\" \/>\n\t<meta property=\"og:image:height\" content=\"600\" \/>\n\t<meta property=\"og:image:type\" content=\"image\/jpeg\" \/>\n<meta name=\"author\" content=\"admin\" \/>\n<meta name=\"twitter:card\" content=\"summary_large_image\" \/>\n<meta name=\"twitter:label1\" content=\"Escrito por\" \/>\n\t<meta name=\"twitter:data1\" content=\"admin\" \/>\n\t<meta name=\"twitter:label2\" content=\"Est. tempo de leitura\" \/>\n\t<meta name=\"twitter:data2\" content=\"2 minutos\" \/>\n<script type=\"application\/ld+json\" class=\"yoast-schema-graph\">{\"@context\":\"https:\/\/schema.org\",\"@graph\":[{\"@type\":\"Article\",\"@id\":\"https:\/\/www.envetherm.com\/blog\/2026\/02\/24\/ventilador-industrial-de-parede-na-zona-leste\/#article\",\"isPartOf\":{\"@id\":\"https:\/\/www.envetherm.com\/blog\/2026\/02\/24\/ventilador-industrial-de-parede-na-zona-leste\/\"},\"author\":{\"name\":\"admin\",\"@id\":\"https:\/\/www.envetherm.com\/blog\/#\/schema\/person\/0193d66cd2c13c7c925f6d25d7d3f04d\"},\"headline\":\"Ventilador industrial de parede na Zona Leste\",\"datePublished\":\"2026-02-24T13:11:09+00:00\",\"dateModified\":\"2026-02-24T16:50:30+00:00\",\"mainEntityOfPage\":{\"@id\":\"https:\/\/www.envetherm.com\/blog\/2026\/02\/24\/ventilador-industrial-de-parede-na-zona-leste\/\"},\"wordCount\":368,\"commentCount\":0,\"publisher\":{\"@id\":\"https:\/\/www.envetherm.com\/blog\/#organization\"},\"image\":{\"@id\":\"https:\/\/www.envetherm.com\/blog\/2026\/02\/24\/ventilador-industrial-de-parede-na-zona-leste\/#primaryimage\"},\"thumbnailUrl\":\"https:\/\/www.envetherm.com\/blog\/wp-content\/uploads\/2023\/02\/evento-8.jpg\",\"keywords\":[\"Aplica\u00e7\u00f5es do ventilador industrial de parede na Zona Leste\",\"Compre o ventilador industrial de parede na Zona Leste\",\"Conhe\u00e7a o ventilador industrial de parede na Zona Leste\",\"Empresa especializada em ventilador industrial de parede na Zona Leste\",\"Invista no ventilador industrial de parede na Zona Leste\",\"O que \u00e9 o ventilador industrial de parede na Zona Leste\",\"Onde comprar ventilador industrial de parede na Zona Leste\",\"Vantagens do ventilador industrial de parede na Zona Leste\",\"Ventilador industrial de parede na Zona Leste\"],\"articleSection\":[\"Ventilador Industrial\"],\"inLanguage\":\"pt-BR\",\"potentialAction\":[{\"@type\":\"CommentAction\",\"name\":\"Comment\",\"target\":[\"https:\/\/www.envetherm.com\/blog\/2026\/02\/24\/ventilador-industrial-de-parede-na-zona-leste\/#respond\"]}]},{\"@type\":\"WebPage\",\"@id\":\"https:\/\/www.envetherm.com\/blog\/2026\/02\/24\/ventilador-industrial-de-parede-na-zona-leste\/\",\"url\":\"https:\/\/www.envetherm.com\/blog\/2026\/02\/24\/ventilador-industrial-de-parede-na-zona-leste\/\",\"name\":\"Ventilador industrial de parede na Zona Leste - Blog\",\"isPartOf\":{\"@id\":\"https:\/\/www.envetherm.com\/blog\/#website\"},\"primaryImageOfPage\":{\"@id\":\"https:\/\/www.envetherm.com\/blog\/2026\/02\/24\/ventilador-industrial-de-parede-na-zona-leste\/#primaryimage\"},\"image\":{\"@id\":\"https:\/\/www.envetherm.com\/blog\/2026\/02\/24\/ventilador-industrial-de-parede-na-zona-leste\/#primaryimage\"},\"thumbnailUrl\":\"https:\/\/www.envetherm.com\/blog\/wp-content\/uploads\/2023\/02\/evento-8.jpg\",\"datePublished\":\"2026-02-24T13:11:09+00:00\",\"dateModified\":\"2026-02-24T16:50:30+00:00\",\"breadcrumb\":{\"@id\":\"https:\/\/www.envetherm.com\/blog\/2026\/02\/24\/ventilador-industrial-de-parede-na-zona-leste\/#breadcrumb\"},\"inLanguage\":\"pt-BR\",\"potentialAction\":[{\"@type\":\"ReadAction\",\"target\":[\"https:\/\/www.envetherm.com\/blog\/2026\/02\/24\/ventilador-industrial-de-parede-na-zona-leste\/\"]}]},{\"@type\":\"ImageObject\",\"inLanguage\":\"pt-BR\",\"@id\":\"https:\/\/www.envetherm.com\/blog\/2026\/02\/24\/ventilador-industrial-de-parede-na-zona-leste\/#primaryimage\",\"url\":\"https:\/\/www.envetherm.com\/blog\/wp-content\/uploads\/2023\/02\/evento-8.jpg\",\"contentUrl\":\"https:\/\/www.envetherm.com\/blog\/wp-content\/uploads\/2023\/02\/evento-8.jpg\",\"width\":600,\"height\":600,\"caption\":\"Ventilador industrial de parede na Zona Leste\"},{\"@type\":\"BreadcrumbList\",\"@id\":\"https:\/\/www.envetherm.com\/blog\/2026\/02\/24\/ventilador-industrial-de-parede-na-zona-leste\/#breadcrumb\",\"itemListElement\":[{\"@type\":\"ListItem\",\"position\":1,\"name\":\"In\u00edcio\",\"item\":\"https:\/\/www.envetherm.com\/blog\/\"},{\"@type\":\"ListItem\",\"position\":2,\"name\":\"Ventilador industrial de parede na Zona Leste\"}]},{\"@type\":\"WebSite\",\"@id\":\"https:\/\/www.envetherm.com\/blog\/#website\",\"url\":\"https:\/\/www.envetherm.com\/blog\/\",\"name\":\"Blog\",\"description\":\"Dicas e novidades sobre ventila\u00e7\u00e3o\",\"publisher\":{\"@id\":\"https:\/\/www.envetherm.com\/blog\/#organization\"},\"potentialAction\":[{\"@type\":\"SearchAction\",\"target\":{\"@type\":\"EntryPoint\",\"urlTemplate\":\"https:\/\/www.envetherm.com\/blog\/?s={search_term_string}\"},\"query-input\":{\"@type\":\"PropertyValueSpecification\",\"valueRequired\":true,\"valueName\":\"search_term_string\"}}],\"inLanguage\":\"pt-BR\"},{\"@type\":\"Organization\",\"@id\":\"https:\/\/www.envetherm.com\/blog\/#organization\",\"name\":\"Blog\",\"url\":\"https:\/\/www.envetherm.com\/blog\/\",\"logo\":{\"@type\":\"ImageObject\",\"inLanguage\":\"pt-BR\",\"@id\":\"https:\/\/www.envetherm.com\/blog\/#\/schema\/logo\/image\/\",\"url\":\"https:\/\/www.envetherm.com\/blog\/wp-content\/uploads\/2021\/04\/envethermlogo.png\",\"contentUrl\":\"https:\/\/www.envetherm.com\/blog\/wp-content\/uploads\/2021\/04\/envethermlogo.png\",\"width\":397,\"height\":96,\"caption\":\"Blog\"},\"image\":{\"@id\":\"https:\/\/www.envetherm.com\/blog\/#\/schema\/logo\/image\/\"}},{\"@type\":\"Person\",\"@id\":\"https:\/\/www.envetherm.com\/blog\/#\/schema\/person\/0193d66cd2c13c7c925f6d25d7d3f04d\",\"name\":\"admin\",\"image\":{\"@type\":\"ImageObject\",\"inLanguage\":\"pt-BR\",\"@id\":\"https:\/\/www.envetherm.com\/blog\/#\/schema\/person\/image\/\",\"url\":\"https:\/\/secure.gravatar.com\/avatar\/519708a100015b8733851e7e19a5cb29b4cceab1427abae743dff12effd8a77f?s=96&d=mm&r=g\",\"contentUrl\":\"https:\/\/secure.gravatar.com\/avatar\/519708a100015b8733851e7e19a5cb29b4cceab1427abae743dff12effd8a77f?s=96&d=mm&r=g\",\"caption\":\"admin\"},\"sameAs\":[\"https:\/\/envetherm.com\/blog\"],\"url\":\"https:\/\/www.envetherm.com\/blog\/author\/admin\/\"}]}<\/script>\n<!-- \/ Yoast SEO plugin. -->","yoast_head_json":{"title":"Ventilador industrial de parede na Zona Leste - Blog","robots":{"index":"index","follow":"follow","max-snippet":"max-snippet:-1","max-image-preview":"max-image-preview:large","max-video-preview":"max-video-preview:-1"},"canonical":"https:\/\/www.envetherm.com\/blog\/2026\/02\/24\/ventilador-industrial-de-parede-na-zona-leste\/","og_locale":"pt_BR","og_type":"article","og_title":"Ventilador industrial de parede na Zona Leste - Blog","og_description":"Buscando o melhor ventilador industrial de parede na Zona Leste? Conte com a Envetherm!\u00a0 A Envetherm revolucionou o mercado de&hellip; Continue lendo","og_url":"https:\/\/www.envetherm.com\/blog\/2026\/02\/24\/ventilador-industrial-de-parede-na-zona-leste\/","og_site_name":"Blog","article_published_time":"2026-02-24T13:11:09+00:00","article_modified_time":"2026-02-24T16:50:30+00:00","og_image":[{"width":600,"height":600,"url":"https:\/\/www.envetherm.com\/blog\/wp-content\/uploads\/2023\/02\/evento-8.jpg","type":"image\/jpeg"}],"author":"admin","twitter_card":"summary_large_image","twitter_misc":{"Escrito por":"admin","Est. tempo de leitura":"2 minutos"},"schema":{"@context":"https:\/\/schema.org","@graph":[{"@type":"Article","@id":"https:\/\/www.envetherm.com\/blog\/2026\/02\/24\/ventilador-industrial-de-parede-na-zona-leste\/#article","isPartOf":{"@id":"https:\/\/www.envetherm.com\/blog\/2026\/02\/24\/ventilador-industrial-de-parede-na-zona-leste\/"},"author":{"name":"admin","@id":"https:\/\/www.envetherm.com\/blog\/#\/schema\/person\/0193d66cd2c13c7c925f6d25d7d3f04d"},"headline":"Ventilador industrial de parede na Zona Leste","datePublished":"2026-02-24T13:11:09+00:00","dateModified":"2026-02-24T16:50:30+00:00","mainEntityOfPage":{"@id":"https:\/\/www.envetherm.com\/blog\/2026\/02\/24\/ventilador-industrial-de-parede-na-zona-leste\/"},"wordCount":368,"commentCount":0,"publisher":{"@id":"https:\/\/www.envetherm.com\/blog\/#organization"},"image":{"@id":"https:\/\/www.envetherm.com\/blog\/2026\/02\/24\/ventilador-industrial-de-parede-na-zona-leste\/#primaryimage"},"thumbnailUrl":"https:\/\/www.envetherm.com\/blog\/wp-content\/uploads\/2023\/02\/evento-8.jpg","keywords":["Aplica\u00e7\u00f5es do ventilador industrial de parede na Zona Leste","Compre o ventilador industrial de parede na Zona Leste","Conhe\u00e7a o ventilador industrial de parede na Zona Leste","Empresa especializada em ventilador industrial de parede na Zona Leste","Invista no ventilador industrial de parede na Zona Leste","O que \u00e9 o ventilador industrial de parede na Zona Leste","Onde comprar ventilador industrial de parede na Zona Leste","Vantagens do ventilador industrial de parede na Zona Leste","Ventilador industrial de parede na Zona Leste"],"articleSection":["Ventilador Industrial"],"inLanguage":"pt-BR","potentialAction":[{"@type":"CommentAction","name":"Comment","target":["https:\/\/www.envetherm.com\/blog\/2026\/02\/24\/ventilador-industrial-de-parede-na-zona-leste\/#respond"]}]},{"@type":"WebPage","@id":"https:\/\/www.envetherm.com\/blog\/2026\/02\/24\/ventilador-industrial-de-parede-na-zona-leste\/","url":"https:\/\/www.envetherm.com\/blog\/2026\/02\/24\/ventilador-industrial-de-parede-na-zona-leste\/","name":"Ventilador industrial de parede na Zona Leste - Blog","isPartOf":{"@id":"https:\/\/www.envetherm.com\/blog\/#website"},"primaryImageOfPage":{"@id":"https:\/\/www.envetherm.com\/blog\/2026\/02\/24\/ventilador-industrial-de-parede-na-zona-leste\/#primaryimage"},"image":{"@id":"https:\/\/www.envetherm.com\/blog\/2026\/02\/24\/ventilador-industrial-de-parede-na-zona-leste\/#primaryimage"},"thumbnailUrl":"https:\/\/www.envetherm.com\/blog\/wp-content\/uploads\/2023\/02\/evento-8.jpg","datePublished":"2026-02-24T13:11:09+00:00","dateModified":"2026-02-24T16:50:30+00:00","breadcrumb":{"@id":"https:\/\/www.envetherm.com\/blog\/2026\/02\/24\/ventilador-industrial-de-parede-na-zona-leste\/#breadcrumb"},"inLanguage":"pt-BR","potentialAction":[{"@type":"ReadAction","target":["https:\/\/www.envetherm.com\/blog\/2026\/02\/24\/ventilador-industrial-de-parede-na-zona-leste\/"]}]},{"@type":"ImageObject","inLanguage":"pt-BR","@id":"https:\/\/www.envetherm.com\/blog\/2026\/02\/24\/ventilador-industrial-de-parede-na-zona-leste\/#primaryimage","url":"https:\/\/www.envetherm.com\/blog\/wp-content\/uploads\/2023\/02\/evento-8.jpg","contentUrl":"https:\/\/www.envetherm.com\/blog\/wp-content\/uploads\/2023\/02\/evento-8.jpg","width":600,"height":600,"caption":"Ventilador industrial de parede na Zona Leste"},{"@type":"BreadcrumbList","@id":"https:\/\/www.envetherm.com\/blog\/2026\/02\/24\/ventilador-industrial-de-parede-na-zona-leste\/#breadcrumb","itemListElement":[{"@type":"ListItem","position":1,"name":"In\u00edcio","item":"https:\/\/www.envetherm.com\/blog\/"},{"@type":"ListItem","position":2,"name":"Ventilador industrial de parede na Zona Leste"}]},{"@type":"WebSite","@id":"https:\/\/www.envetherm.com\/blog\/#website","url":"https:\/\/www.envetherm.com\/blog\/","name":"Blog","description":"Dicas e novidades sobre ventila\u00e7\u00e3o","publisher":{"@id":"https:\/\/www.envetherm.com\/blog\/#organization"},"potentialAction":[{"@type":"SearchAction","target":{"@type":"EntryPoint","urlTemplate":"https:\/\/www.envetherm.com\/blog\/?s={search_term_string}"},"query-input":{"@type":"PropertyValueSpecification","valueRequired":true,"valueName":"search_term_string"}}],"inLanguage":"pt-BR"},{"@type":"Organization","@id":"https:\/\/www.envetherm.com\/blog\/#organization","name":"Blog","url":"https:\/\/www.envetherm.com\/blog\/","logo":{"@type":"ImageObject","inLanguage":"pt-BR","@id":"https:\/\/www.envetherm.com\/blog\/#\/schema\/logo\/image\/","url":"https:\/\/www.envetherm.com\/blog\/wp-content\/uploads\/2021\/04\/envethermlogo.png","contentUrl":"https:\/\/www.envetherm.com\/blog\/wp-content\/uploads\/2021\/04\/envethermlogo.png","width":397,"height":96,"caption":"Blog"},"image":{"@id":"https:\/\/www.envetherm.com\/blog\/#\/schema\/logo\/image\/"}},{"@type":"Person","@id":"https:\/\/www.envetherm.com\/blog\/#\/schema\/person\/0193d66cd2c13c7c925f6d25d7d3f04d","name":"admin","image":{"@type":"ImageObject","inLanguage":"pt-BR","@id":"https:\/\/www.envetherm.com\/blog\/#\/schema\/person\/image\/","url":"https:\/\/secure.gravatar.com\/avatar\/519708a100015b8733851e7e19a5cb29b4cceab1427abae743dff12effd8a77f?s=96&d=mm&r=g","contentUrl":"https:\/\/secure.gravatar.com\/avatar\/519708a100015b8733851e7e19a5cb29b4cceab1427abae743dff12effd8a77f?s=96&d=mm&r=g","caption":"admin"},"sameAs":["https:\/\/envetherm.com\/blog"],"url":"https:\/\/www.envetherm.com\/blog\/author\/admin\/"}]}},"_links":{"self":[{"href":"https:\/\/www.envetherm.com\/blog\/wp-json\/wp\/v2\/posts\/65","targetHints":{"allow":["GET"]}}],"collection":[{"href":"https:\/\/www.envetherm.com\/blog\/wp-json\/wp\/v2\/posts"}],"about":[{"href":"https:\/\/www.envetherm.com\/blog\/wp-json\/wp\/v2\/types\/post"}],"author":[{"embeddable":true,"href":"https:\/\/www.envetherm.com\/blog\/wp-json\/wp\/v2\/users\/1"}],"replies":[{"embeddable":true,"href":"https:\/\/www.envetherm.com\/blog\/wp-json\/wp\/v2\/comments?post=65"}],"version-history":[{"count":3,"href":"https:\/\/www.envetherm.com\/blog\/wp-json\/wp\/v2\/posts\/65\/revisions"}],"predecessor-version":[{"id":70,"href":"https:\/\/www.envetherm.com\/blog\/wp-json\/wp\/v2\/posts\/65\/revisions\/70"}],"wp:featuredmedia":[{"embeddable":true,"href":"https:\/\/www.envetherm.com\/blog\/wp-json\/wp\/v2\/media\/67"}],"wp:attachment":[{"href":"https:\/\/www.envetherm.com\/blog\/wp-json\/wp\/v2\/media?parent=65"}],"wp:term":[{"taxonomy":"category","embeddable":true,"href":"https:\/\/www.envetherm.com\/blog\/wp-json\/wp\/v2\/categories?post=65"},{"taxonomy":"post_tag","embeddable":true,"href":"https:\/\/www.envetherm.com\/blog\/wp-json\/wp\/v2\/tags?post=65"}],"curies":[{"name":"wp","href":"https:\/\/api.w.org\/{rel}","templated":true}]}}