{"id":406,"date":"2025-09-24T19:10:34","date_gmt":"2025-09-24T19:10:34","guid":{"rendered":"https:\/\/www.envetherm.com\/blog\/?p=406"},"modified":"2025-09-24T19:10:34","modified_gmt":"2025-09-24T19:10:34","slug":"fatores-que-indicam-necessidade-de-um-ventilador-axial","status":"publish","type":"post","link":"https:\/\/www.envetherm.com\/blog\/2025\/09\/24\/fatores-que-indicam-necessidade-de-um-ventilador-axial\/","title":{"rendered":"Fatores que indicam necessidade de um ventilador axial"},"content":{"rendered":"\n<p class=\"has-medium-font-size\"><strong><em>Descubra os principais fatores que indicam quando sua ind\u00fastria ou galp\u00e3o precisa de um ventilador axial para garantir efici\u00eancia e conforto t\u00e9rmico.<\/em><\/strong><\/p>\n\n\n\n<p>Em ambientes industriais e galp\u00f5es, a ventila\u00e7\u00e3o \u00e9 um fator decisivo para o desempenho produtivo e para a sa\u00fade ocupacional. O excesso de calor e a m\u00e1 circula\u00e7\u00e3o de ar prejudicam a efici\u00eancia das equipes e at\u00e9 mesmo a durabilidade de m\u00e1quinas e equipamentos.<\/p>\n\n\n\n<p>Assim, o <strong>ventilador axial<\/strong> surge como uma solu\u00e7\u00e3o indispens\u00e1vel. Projetado para grandes \u00e1reas, ele garante <strong>conforto t\u00e9rmico, redu\u00e7\u00e3o de custos energ\u00e9ticos e maior efici\u00eancia no fluxo de ar<\/strong>. Identificar os sinais de que sua empresa precisa desse recurso \u00e9 o primeiro passo para corrigir problemas que afetam diretamente a produtividade.<\/p>\n\n\n\n<p>Ao longo deste artigo, ent\u00e3o, vamos mostrar os principais fatores que indicam a necessidade de um ventilador axial e como os modelos da <strong>Envetherm<\/strong> se destacam como a escolha certa para ind\u00fastrias e galp\u00f5es.<\/p>\n\n\n\n<ul class=\"wp-block-list\">\n<li><a href=\"https:\/\/www.envetherm.com\/blog\/2025\/09\/24\/vantagens-do-exaustor-industrial\/\" target=\"_blank\" aria-label=\" (opens in a new tab)\" rel=\"noreferrer noopener\" class=\"rank-math-link\">Vantagens do exaustor industrial que voc\u00ea ignora<\/a><\/li>\n\n\n\n<li><a href=\"https:\/\/www.envetherm.com\/blog\/2025\/09\/19\/qual-o-melhor-climatizador-industrial-saiba-como-escolher-o-ideal\/\" target=\"_blank\" aria-label=\" (opens in a new tab)\" rel=\"noreferrer noopener\" class=\"rank-math-link\">Qual o melhor climatizador industrial? Saiba como escolher o ideal<\/a><\/li>\n<\/ul>\n\n\n\n<h2 class=\"wp-block-heading\"><strong>Quando escolher um ventilador axial<\/strong><\/h2>\n\n\n\n<p>Para identificar se sua empresa deve adotar um ventilador axial, observe os seguintes sinais:<\/p>\n\n\n\n<div class=\"wp-block-group is-nowrap is-layout-flex wp-container-core-group-is-layout-ad2f72ca wp-block-group-is-layout-flex\">\n<ul class=\"wp-block-list\">\n<li>Temperatura interna constantemente elevada.<br><\/li>\n\n\n\n<li>Presen\u00e7a de odores, fuma\u00e7a ou poeira no ambiente.<br><\/li>\n\n\n\n<li>Custos elevados com energia devido a refrigera\u00e7\u00e3o artificial.<br><\/li>\n\n\n\n<li>Queda na produtividade dos colaboradores.<br><\/li>\n<\/ul>\n\n\n\n<figure class=\"wp-block-image size-full\"><img loading=\"lazy\" decoding=\"async\" width=\"370\" height=\"281\" src=\"https:\/\/www.envetherm.com\/blog\/wp-content\/uploads\/2025\/09\/ventilador-modelo-vu-1.webp\" alt=\"\" class=\"wp-image-408\" srcset=\"https:\/\/www.envetherm.com\/blog\/wp-content\/uploads\/2025\/09\/ventilador-modelo-vu-1.webp 370w, https:\/\/www.envetherm.com\/blog\/wp-content\/uploads\/2025\/09\/ventilador-modelo-vu-1-300x228.webp 300w, https:\/\/www.envetherm.com\/blog\/wp-content\/uploads\/2025\/09\/ventilador-modelo-vu-1-120x90.webp 120w, https:\/\/www.envetherm.com\/blog\/wp-content\/uploads\/2025\/09\/ventilador-modelo-vu-1-150x114.webp 150w\" sizes=\"auto, (max-width: 370px) 100vw, 370px\" \/><\/figure>\n<\/div>\n\n\n\n<p>Se ao menos um desses fatores est\u00e1 presente em seu galp\u00e3o ou ind\u00fastria, ent\u00e3o \u00e9 hora de considerar a instala\u00e7\u00e3o de um ventilador da <strong>Envetherm<\/strong>.&nbsp;<\/p>\n\n\n\n<p>Com tecnologia diferenciada, os <strong>turbo ventiladores axiais<\/strong> oferecem <strong>alta vaz\u00e3o de ar, baixo ru\u00eddo e efici\u00eancia energ\u00e9tica<\/strong>. Portanto, eles se tornam a solu\u00e7\u00e3o ideal para quem busca economia e conforto ao mesmo tempo.<\/p>\n\n\n\n<ul class=\"wp-block-list\">\n<li><a href=\"https:\/\/www.envetherm.com\/blog\/2025\/09\/17\/climatizacao-industrial-como-escolher-o-climatizador-ideal\/\" target=\"_blank\" aria-label=\" (opens in a new tab)\" rel=\"noreferrer noopener\" class=\"rank-math-link\">Climatiza\u00e7\u00e3o industrial: como escolher o climatizador ideal<\/a><\/li>\n<\/ul>\n\n\n\n<h2 class=\"wp-block-heading\"><strong>Ambientes com excesso de calor interno<\/strong><\/h2>\n\n\n\n<p>O calor excessivo \u00e9 um dos primeiros ind\u00edcios de que a instala\u00e7\u00e3o de um ventilador axial \u00e9 necess\u00e1ria. Em galp\u00f5es fechados, a concentra\u00e7\u00e3o de m\u00e1quinas em funcionamento e a falta de circula\u00e7\u00e3o adequada elevam rapidamente a temperatura interna.<\/p>\n\n\n\n<p>Quando isso acontece, a produtividade da equipe sofre, j\u00e1 que o desconforto t\u00e9rmico compromete a concentra\u00e7\u00e3o e o rendimento. Al\u00e9m disso, muitos processos industriais exigem condi\u00e7\u00f5es de temperatura controlada para manter a qualidade de produ\u00e7\u00e3o. Portanto, apostar em <strong>ventila\u00e7\u00e3o industrial eficiente<\/strong> \u00e9 uma medida estrat\u00e9gica e n\u00e3o apenas de conforto.<\/p>\n\n\n\n<p>Os ventiladores axiais da <strong>Envetherm<\/strong>, equipados com p\u00e1s em formato de asas e sistema \u201cventuri\u201d, proporcionam <strong>fluxo de ar de longo alcance<\/strong> com baixo consumo de energia. Sendo assim, eles se tornam ideais para ambientes que enfrentam calor acumulado de forma constante.<\/p>\n\n\n\n<h2 class=\"wp-block-heading\"><strong>Problemas de ac\u00famulo de poeira e odores<\/strong><\/h2>\n\n\n\n<p>Outro fator que sinaliza a necessidade de um ventilador industrial \u00e9 a presen\u00e7a de poeira e odores persistentes. Quando o ar n\u00e3o circula adequadamente, part\u00edculas e gases ficam retidos no ambiente, causando desconforto aos colaboradores e prejudicando a qualidade do ar.<\/p>\n\n\n\n<p>A ventila\u00e7\u00e3o industrial resolve essa quest\u00e3o porque cria um movimento constante de renova\u00e7\u00e3o de ar. Ent\u00e3o, mesmo em processos produtivos que liberam part\u00edculas, o ambiente se mant\u00e9m mais saud\u00e1vel e adequado para a opera\u00e7\u00e3o di\u00e1ria.<\/p>\n\n\n\n<p>Portanto, contar com um <strong>ventilador para galp\u00f5es<\/strong> de alta performance, como os modelos da <strong>Envetherm<\/strong>, garante condi\u00e7\u00f5es de trabalho seguras e evita riscos \u00e0 sa\u00fade respirat\u00f3ria da equipe.<\/p>\n\n\n\n<h2 class=\"wp-block-heading\"><strong>Aumento no consumo de energia el\u00e9trica<\/strong><\/h2>\n\n\n\n<p>Quando o ambiente est\u00e1 mal ventilado, o uso de climatizadores ou aparelhos de refrigera\u00e7\u00e3o se torna excessivo, elevando o consumo de energia el\u00e9trica. Esse \u00e9 um forte indicativo de que sua empresa precisa de uma solu\u00e7\u00e3o mais econ\u00f4mica e eficiente.<\/p>\n\n\n\n<p>Os <strong>ventiladores axiais Envetherm<\/strong> foram projetados justamente para atender essa demanda. Gra\u00e7as ao design aerodin\u00e2mico das p\u00e1s e ao motor de baixa pot\u00eancia, eles proporcionam alto desempenho com <strong>baixo n\u00edvel de ru\u00eddo e menor consumo de energia<\/strong>.<\/p>\n\n\n\n<p>Portanto, al\u00e9m de melhorar o conforto t\u00e9rmico, a ado\u00e7\u00e3o dessa tecnologia representa uma estrat\u00e9gia inteligente de <strong>redu\u00e7\u00e3o de custos operacionais<\/strong>.<\/p>\n\n\n\n<h2 class=\"wp-block-heading\"><strong>Dificuldade em manter a produtividade<\/strong><\/h2>\n\n\n\n<p>A queda na produtividade pode estar diretamente relacionada \u00e0 m\u00e1 ventila\u00e7\u00e3o. Colaboradores expostos a ambientes quentes, abafados e com ar estagnado sofrem com cansa\u00e7o e fadiga mais rapidamente.<\/p>\n\n\n\n<p>Sendo assim, investir em ventila\u00e7\u00e3o industrial \u00e9 investir no pr\u00f3prio desempenho da sua equipe. Um ambiente arejado melhora a concentra\u00e7\u00e3o, diminui as pausas por desconforto e reduz at\u00e9 mesmo o \u00edndice de afastamentos por problemas de sa\u00fade relacionados ao calor e ao ar de baixa qualidade.<\/p>\n\n\n\n<p>O uso de um <strong>ventilador axial<\/strong> adequado, como os da linha <strong>Envetherm<\/strong>, contribui para a cria\u00e7\u00e3o de um espa\u00e7o de trabalho mais saud\u00e1vel e produtivo.<\/p>\n\n\n\n<h2 class=\"wp-block-heading\"><strong>Fatores que indicam necessidade de um ventilador axial<\/strong><\/h2>\n\n\n\n<p>A escolha por um ventilador industrial n\u00e3o deve ser vista apenas como um investimento em conforto, mas sim como uma <strong>estrat\u00e9gia para melhorar produtividade, reduzir custos e preservar a sa\u00fade ocupacional<\/strong>.<\/p>\n\n\n\n<p>Os ventiladores axiais da <strong>Envetherm<\/strong> unem <strong>efici\u00eancia, durabilidade e economia de energia<\/strong>, sendo a solu\u00e7\u00e3o perfeita para grandes \u00e1reas como ind\u00fastrias e galp\u00f5es. Ent\u00e3o, se sua empresa enfrenta calor excessivo, ac\u00famulo de poeira ou custos altos com climatiza\u00e7\u00e3o, o momento de agir \u00e9 agora.<\/p>\n\n\n\n<p>Entre em contato com a <strong>Envetherm<\/strong> e descubra como implementar a ventila\u00e7\u00e3o ideal para transformar o seu ambiente de trabalho.<\/p>\n\n\n\n<p class=\"has-medium-font-size\"><strong><em><a href=\"https:\/\/www.envetherm.com\/contato\" class=\"rank-math-link\">Fale com nossa equipe<\/a> e solicite um or\u00e7amento personalizado para sua necessidade.<\/em><\/strong><\/p>\n","protected":false},"excerpt":{"rendered":"<p>Descubra os principais fatores que indicam quando sua ind\u00fastria ou galp\u00e3o precisa de um ventilador axial para garantir efici\u00eancia e&hellip; <a class=\"read-more\" href=\"https:\/\/www.envetherm.com\/blog\/2025\/09\/24\/fatores-que-indicam-necessidade-de-um-ventilador-axial\/\">Continue lendo<\/a><\/p>\n","protected":false},"author":1,"featured_media":407,"comment_status":"open","ping_status":"open","sticky":false,"template":"","format":"standard","meta":{"footnotes":""},"categories":[208],"tags":[2328,444,2334,1063,29,834,1065,835,2333,2329,2327,374,256,257,820,2335,2330,2342,2337,837,2340,836,2343,838,1079,840,1081,2338,1077,2341,2339,2336,1073,410,1075,1421,1185,886,2331,1606,1157,2332,2326,262],"class_list":["post-406","post","type-post","status-publish","format-standard","has-post-thumbnail","hentry","category-ventiladores-axiais","tag-circulacao-de-ar-em-galpoes","tag-conforto-termico-industrial","tag-distribuidor-de-ventilador-axial","tag-empresa-de-ventilador-axial","tag-envetherm","tag-fabricante-de-ventilador-axial","tag-fornecedor-de-ventilador-axial","tag-loja-de-ventilador-axial","tag-melhoria-da-qualidade-do-ar-em-galpoes","tag-produtividade-e-ventilacao","tag-reducao-de-consumo-de-energia","tag-ventilacao-eficiente","tag-ventilacao-industrial","tag-ventilacao-para-industrias","tag-ventilador-axial","tag-ventilador-axial-comprar","tag-ventilador-axial-de-grande-porte","tag-ventilador-axial-em-guarulhos","tag-ventilador-axial-em-promocao","tag-ventilador-axial-em-sao-paulo","tag-ventilador-axial-em-sapopemba","tag-ventilador-axial-em-sp","tag-ventilador-axial-na-grande-sao-paulo","tag-ventilador-axial-na-vila-ema","tag-ventilador-axial-na-vila-formosa","tag-ventilador-axial-na-zona-leste","tag-ventilador-axial-na-zona-norte","tag-ventilador-axial-na-zona-oeste","tag-ventilador-axial-na-zona-sul","tag-ventilador-axial-no-abc","tag-ventilador-axial-no-centro","tag-ventilador-axial-onde-encontrar","tag-ventilador-axial-perto-de-mim","tag-ventilador-axial-preco","tag-ventilador-axial-proximo-a-mim","tag-ventilador-com-baixo-ruido","tag-ventilador-de-alta-performance","tag-ventilador-industrial","tag-ventilador-para-ambientes-industriais","tag-ventilador-para-conforto-termico","tag-ventilador-para-galpoes","tag-ventilador-para-reducao-de-custos","tag-ventilador-silencioso-para-galpoes","tag-ventiladores-axiais"],"yoast_head":"<!-- This site is optimized with the Yoast SEO plugin v23.6 - https:\/\/yoast.com\/wordpress\/plugins\/seo\/ -->\n<title>Fatores que indicam necessidade de um ventilador axial - Blog<\/title>\n<meta name=\"description\" content=\"Descubra os principais fatores que indicam quando sua ind\u00fastria ou galp\u00e3o precisa de um ventilador axial para garantir efici\u00eancia e conforto.\" \/>\n<meta name=\"robots\" content=\"index, follow, max-snippet:-1, max-image-preview:large, max-video-preview:-1\" \/>\n<link rel=\"canonical\" href=\"https:\/\/www.envetherm.com\/blog\/2025\/09\/24\/fatores-que-indicam-necessidade-de-um-ventilador-axial\/\" \/>\n<meta property=\"og:locale\" content=\"pt_BR\" \/>\n<meta property=\"og:type\" content=\"article\" \/>\n<meta property=\"og:title\" content=\"Fatores que indicam necessidade de um ventilador axial - Blog\" \/>\n<meta property=\"og:description\" content=\"Descubra os principais fatores que indicam quando sua ind\u00fastria ou galp\u00e3o precisa de um ventilador axial para garantir efici\u00eancia e conforto.\" \/>\n<meta property=\"og:url\" content=\"https:\/\/www.envetherm.com\/blog\/2025\/09\/24\/fatores-que-indicam-necessidade-de-um-ventilador-axial\/\" \/>\n<meta property=\"og:site_name\" content=\"Blog\" \/>\n<meta property=\"article:published_time\" content=\"2025-09-24T19:10:34+00:00\" \/>\n<meta property=\"og:image\" content=\"https:\/\/www.envetherm.com\/blog\/wp-content\/uploads\/2025\/09\/ventilador-modelo-vl-1.webp\" \/>\n\t<meta property=\"og:image:width\" content=\"370\" \/>\n\t<meta property=\"og:image:height\" content=\"281\" \/>\n\t<meta property=\"og:image:type\" content=\"image\/webp\" \/>\n<meta name=\"author\" content=\"admin\" \/>\n<meta name=\"twitter:card\" content=\"summary_large_image\" \/>\n<meta name=\"twitter:label1\" content=\"Escrito por\" \/>\n\t<meta name=\"twitter:data1\" content=\"admin\" \/>\n\t<meta name=\"twitter:label2\" content=\"Est. tempo de leitura\" \/>\n\t<meta name=\"twitter:data2\" content=\"6 minutos\" \/>\n<script type=\"application\/ld+json\" class=\"yoast-schema-graph\">{\"@context\":\"https:\/\/schema.org\",\"@graph\":[{\"@type\":\"Article\",\"@id\":\"https:\/\/www.envetherm.com\/blog\/2025\/09\/24\/fatores-que-indicam-necessidade-de-um-ventilador-axial\/#article\",\"isPartOf\":{\"@id\":\"https:\/\/www.envetherm.com\/blog\/2025\/09\/24\/fatores-que-indicam-necessidade-de-um-ventilador-axial\/\"},\"author\":{\"name\":\"admin\",\"@id\":\"https:\/\/www.envetherm.com\/blog\/#\/schema\/person\/0193d66cd2c13c7c925f6d25d7d3f04d\"},\"headline\":\"Fatores que indicam necessidade de um ventilador axial\",\"datePublished\":\"2025-09-24T19:10:34+00:00\",\"dateModified\":\"2025-09-24T19:10:34+00:00\",\"mainEntityOfPage\":{\"@id\":\"https:\/\/www.envetherm.com\/blog\/2025\/09\/24\/fatores-que-indicam-necessidade-de-um-ventilador-axial\/\"},\"wordCount\":944,\"commentCount\":0,\"publisher\":{\"@id\":\"https:\/\/www.envetherm.com\/blog\/#organization\"},\"image\":{\"@id\":\"https:\/\/www.envetherm.com\/blog\/2025\/09\/24\/fatores-que-indicam-necessidade-de-um-ventilador-axial\/#primaryimage\"},\"thumbnailUrl\":\"https:\/\/www.envetherm.com\/blog\/wp-content\/uploads\/2025\/09\/ventilador-modelo-vl-1.webp\",\"keywords\":[\"circula\u00e7\u00e3o de ar em galp\u00f5es\",\"conforto t\u00e9rmico industrial\",\"distribuidor de ventilador axial\",\"empresa de ventilador axial\",\"Envetherm\",\"fabricante de Ventilador axial\",\"fornecedor de ventilador axial\",\"loja de Ventilador axial\",\"melhoria da qualidade do ar em galp\u00f5es\",\"produtividade e ventila\u00e7\u00e3o\",\"redu\u00e7\u00e3o de consumo de energia\",\"ventila\u00e7\u00e3o eficiente\",\"ventila\u00e7\u00e3o industrial\",\"ventila\u00e7\u00e3o para ind\u00fastrias\",\"Ventilador axial\",\"ventilador axial comprar\",\"ventilador axial de grande porte\",\"ventilador axial em Guarulhos\",\"ventilador axial em promo\u00e7\u00e3o\",\"Ventilador axial em s\u00e3o paulo\",\"ventilador axial em sapopemba\",\"Ventilador axial em sp\",\"ventilador axial na Grande S\u00e3o Paulo\",\"Ventilador axial na vila ema\",\"ventilador axial na Vila Formosa\",\"Ventilador axial na zona leste\",\"ventilador axial na zona norte\",\"ventilador axial na zona oeste\",\"ventilador axial na zona sul\",\"ventilador axial no ABC\",\"ventilador axial no centro\",\"ventilador axial onde encontrar\",\"ventilador axial perto de mim\",\"ventilador axial pre\u00e7o\",\"ventilador axial pr\u00f3ximo a mim\",\"ventilador com baixo ru\u00eddo\",\"ventilador de alta performance\",\"ventilador industrial\",\"ventilador para ambientes industriais\",\"ventilador para conforto t\u00e9rmico\",\"ventilador para galp\u00f5es\",\"ventilador para redu\u00e7\u00e3o de custos\",\"ventilador silencioso para galp\u00f5es\",\"ventiladores axiais\"],\"articleSection\":[\"Ventiladores axiais\"],\"inLanguage\":\"pt-BR\",\"potentialAction\":[{\"@type\":\"CommentAction\",\"name\":\"Comment\",\"target\":[\"https:\/\/www.envetherm.com\/blog\/2025\/09\/24\/fatores-que-indicam-necessidade-de-um-ventilador-axial\/#respond\"]}]},{\"@type\":\"WebPage\",\"@id\":\"https:\/\/www.envetherm.com\/blog\/2025\/09\/24\/fatores-que-indicam-necessidade-de-um-ventilador-axial\/\",\"url\":\"https:\/\/www.envetherm.com\/blog\/2025\/09\/24\/fatores-que-indicam-necessidade-de-um-ventilador-axial\/\",\"name\":\"Fatores que indicam necessidade de um ventilador axial - Blog\",\"isPartOf\":{\"@id\":\"https:\/\/www.envetherm.com\/blog\/#website\"},\"primaryImageOfPage\":{\"@id\":\"https:\/\/www.envetherm.com\/blog\/2025\/09\/24\/fatores-que-indicam-necessidade-de-um-ventilador-axial\/#primaryimage\"},\"image\":{\"@id\":\"https:\/\/www.envetherm.com\/blog\/2025\/09\/24\/fatores-que-indicam-necessidade-de-um-ventilador-axial\/#primaryimage\"},\"thumbnailUrl\":\"https:\/\/www.envetherm.com\/blog\/wp-content\/uploads\/2025\/09\/ventilador-modelo-vl-1.webp\",\"datePublished\":\"2025-09-24T19:10:34+00:00\",\"dateModified\":\"2025-09-24T19:10:34+00:00\",\"description\":\"Descubra os principais fatores que indicam quando sua ind\u00fastria ou galp\u00e3o precisa de um ventilador axial para garantir efici\u00eancia e conforto.\",\"breadcrumb\":{\"@id\":\"https:\/\/www.envetherm.com\/blog\/2025\/09\/24\/fatores-que-indicam-necessidade-de-um-ventilador-axial\/#breadcrumb\"},\"inLanguage\":\"pt-BR\",\"potentialAction\":[{\"@type\":\"ReadAction\",\"target\":[\"https:\/\/www.envetherm.com\/blog\/2025\/09\/24\/fatores-que-indicam-necessidade-de-um-ventilador-axial\/\"]}]},{\"@type\":\"ImageObject\",\"inLanguage\":\"pt-BR\",\"@id\":\"https:\/\/www.envetherm.com\/blog\/2025\/09\/24\/fatores-que-indicam-necessidade-de-um-ventilador-axial\/#primaryimage\",\"url\":\"https:\/\/www.envetherm.com\/blog\/wp-content\/uploads\/2025\/09\/ventilador-modelo-vl-1.webp\",\"contentUrl\":\"https:\/\/www.envetherm.com\/blog\/wp-content\/uploads\/2025\/09\/ventilador-modelo-vl-1.webp\",\"width\":370,\"height\":281,\"caption\":\"Fatores que indicam necessidade de um ventilador axial\"},{\"@type\":\"BreadcrumbList\",\"@id\":\"https:\/\/www.envetherm.com\/blog\/2025\/09\/24\/fatores-que-indicam-necessidade-de-um-ventilador-axial\/#breadcrumb\",\"itemListElement\":[{\"@type\":\"ListItem\",\"position\":1,\"name\":\"In\u00edcio\",\"item\":\"https:\/\/www.envetherm.com\/blog\/\"},{\"@type\":\"ListItem\",\"position\":2,\"name\":\"Fatores que indicam necessidade de um ventilador axial\"}]},{\"@type\":\"WebSite\",\"@id\":\"https:\/\/www.envetherm.com\/blog\/#website\",\"url\":\"https:\/\/www.envetherm.com\/blog\/\",\"name\":\"Blog\",\"description\":\"Dicas e novidades sobre ventila\u00e7\u00e3o\",\"publisher\":{\"@id\":\"https:\/\/www.envetherm.com\/blog\/#organization\"},\"potentialAction\":[{\"@type\":\"SearchAction\",\"target\":{\"@type\":\"EntryPoint\",\"urlTemplate\":\"https:\/\/www.envetherm.com\/blog\/?s={search_term_string}\"},\"query-input\":{\"@type\":\"PropertyValueSpecification\",\"valueRequired\":true,\"valueName\":\"search_term_string\"}}],\"inLanguage\":\"pt-BR\"},{\"@type\":\"Organization\",\"@id\":\"https:\/\/www.envetherm.com\/blog\/#organization\",\"name\":\"Blog\",\"url\":\"https:\/\/www.envetherm.com\/blog\/\",\"logo\":{\"@type\":\"ImageObject\",\"inLanguage\":\"pt-BR\",\"@id\":\"https:\/\/www.envetherm.com\/blog\/#\/schema\/logo\/image\/\",\"url\":\"https:\/\/www.envetherm.com\/blog\/wp-content\/uploads\/2021\/04\/envethermlogo.png\",\"contentUrl\":\"https:\/\/www.envetherm.com\/blog\/wp-content\/uploads\/2021\/04\/envethermlogo.png\",\"width\":397,\"height\":96,\"caption\":\"Blog\"},\"image\":{\"@id\":\"https:\/\/www.envetherm.com\/blog\/#\/schema\/logo\/image\/\"}},{\"@type\":\"Person\",\"@id\":\"https:\/\/www.envetherm.com\/blog\/#\/schema\/person\/0193d66cd2c13c7c925f6d25d7d3f04d\",\"name\":\"admin\",\"image\":{\"@type\":\"ImageObject\",\"inLanguage\":\"pt-BR\",\"@id\":\"https:\/\/www.envetherm.com\/blog\/#\/schema\/person\/image\/\",\"url\":\"https:\/\/secure.gravatar.com\/avatar\/519708a100015b8733851e7e19a5cb29b4cceab1427abae743dff12effd8a77f?s=96&d=mm&r=g\",\"contentUrl\":\"https:\/\/secure.gravatar.com\/avatar\/519708a100015b8733851e7e19a5cb29b4cceab1427abae743dff12effd8a77f?s=96&d=mm&r=g\",\"caption\":\"admin\"},\"sameAs\":[\"https:\/\/envetherm.com\/blog\"],\"url\":\"https:\/\/www.envetherm.com\/blog\/author\/admin\/\"}]}<\/script>\n<!-- \/ Yoast SEO plugin. -->","yoast_head_json":{"title":"Fatores que indicam necessidade de um ventilador axial - Blog","description":"Descubra os principais fatores que indicam quando sua ind\u00fastria ou galp\u00e3o precisa de um ventilador axial para garantir efici\u00eancia e conforto.","robots":{"index":"index","follow":"follow","max-snippet":"max-snippet:-1","max-image-preview":"max-image-preview:large","max-video-preview":"max-video-preview:-1"},"canonical":"https:\/\/www.envetherm.com\/blog\/2025\/09\/24\/fatores-que-indicam-necessidade-de-um-ventilador-axial\/","og_locale":"pt_BR","og_type":"article","og_title":"Fatores que indicam necessidade de um ventilador axial - Blog","og_description":"Descubra os principais fatores que indicam quando sua ind\u00fastria ou galp\u00e3o precisa de um ventilador axial para garantir efici\u00eancia e conforto.","og_url":"https:\/\/www.envetherm.com\/blog\/2025\/09\/24\/fatores-que-indicam-necessidade-de-um-ventilador-axial\/","og_site_name":"Blog","article_published_time":"2025-09-24T19:10:34+00:00","og_image":[{"width":370,"height":281,"url":"https:\/\/www.envetherm.com\/blog\/wp-content\/uploads\/2025\/09\/ventilador-modelo-vl-1.webp","type":"image\/webp"}],"author":"admin","twitter_card":"summary_large_image","twitter_misc":{"Escrito por":"admin","Est. tempo de leitura":"6 minutos"},"schema":{"@context":"https:\/\/schema.org","@graph":[{"@type":"Article","@id":"https:\/\/www.envetherm.com\/blog\/2025\/09\/24\/fatores-que-indicam-necessidade-de-um-ventilador-axial\/#article","isPartOf":{"@id":"https:\/\/www.envetherm.com\/blog\/2025\/09\/24\/fatores-que-indicam-necessidade-de-um-ventilador-axial\/"},"author":{"name":"admin","@id":"https:\/\/www.envetherm.com\/blog\/#\/schema\/person\/0193d66cd2c13c7c925f6d25d7d3f04d"},"headline":"Fatores que indicam necessidade de um ventilador axial","datePublished":"2025-09-24T19:10:34+00:00","dateModified":"2025-09-24T19:10:34+00:00","mainEntityOfPage":{"@id":"https:\/\/www.envetherm.com\/blog\/2025\/09\/24\/fatores-que-indicam-necessidade-de-um-ventilador-axial\/"},"wordCount":944,"commentCount":0,"publisher":{"@id":"https:\/\/www.envetherm.com\/blog\/#organization"},"image":{"@id":"https:\/\/www.envetherm.com\/blog\/2025\/09\/24\/fatores-que-indicam-necessidade-de-um-ventilador-axial\/#primaryimage"},"thumbnailUrl":"https:\/\/www.envetherm.com\/blog\/wp-content\/uploads\/2025\/09\/ventilador-modelo-vl-1.webp","keywords":["circula\u00e7\u00e3o de ar em galp\u00f5es","conforto t\u00e9rmico industrial","distribuidor de ventilador axial","empresa de ventilador axial","Envetherm","fabricante de Ventilador axial","fornecedor de ventilador axial","loja de Ventilador axial","melhoria da qualidade do ar em galp\u00f5es","produtividade e ventila\u00e7\u00e3o","redu\u00e7\u00e3o de consumo de energia","ventila\u00e7\u00e3o eficiente","ventila\u00e7\u00e3o industrial","ventila\u00e7\u00e3o para ind\u00fastrias","Ventilador axial","ventilador axial comprar","ventilador axial de grande porte","ventilador axial em Guarulhos","ventilador axial em promo\u00e7\u00e3o","Ventilador axial em s\u00e3o paulo","ventilador axial em sapopemba","Ventilador axial em sp","ventilador axial na Grande S\u00e3o Paulo","Ventilador axial na vila ema","ventilador axial na Vila Formosa","Ventilador axial na zona leste","ventilador axial na zona norte","ventilador axial na zona oeste","ventilador axial na zona sul","ventilador axial no ABC","ventilador axial no centro","ventilador axial onde encontrar","ventilador axial perto de mim","ventilador axial pre\u00e7o","ventilador axial pr\u00f3ximo a mim","ventilador com baixo ru\u00eddo","ventilador de alta performance","ventilador industrial","ventilador para ambientes industriais","ventilador para conforto t\u00e9rmico","ventilador para galp\u00f5es","ventilador para redu\u00e7\u00e3o de custos","ventilador silencioso para galp\u00f5es","ventiladores axiais"],"articleSection":["Ventiladores axiais"],"inLanguage":"pt-BR","potentialAction":[{"@type":"CommentAction","name":"Comment","target":["https:\/\/www.envetherm.com\/blog\/2025\/09\/24\/fatores-que-indicam-necessidade-de-um-ventilador-axial\/#respond"]}]},{"@type":"WebPage","@id":"https:\/\/www.envetherm.com\/blog\/2025\/09\/24\/fatores-que-indicam-necessidade-de-um-ventilador-axial\/","url":"https:\/\/www.envetherm.com\/blog\/2025\/09\/24\/fatores-que-indicam-necessidade-de-um-ventilador-axial\/","name":"Fatores que indicam necessidade de um ventilador axial - Blog","isPartOf":{"@id":"https:\/\/www.envetherm.com\/blog\/#website"},"primaryImageOfPage":{"@id":"https:\/\/www.envetherm.com\/blog\/2025\/09\/24\/fatores-que-indicam-necessidade-de-um-ventilador-axial\/#primaryimage"},"image":{"@id":"https:\/\/www.envetherm.com\/blog\/2025\/09\/24\/fatores-que-indicam-necessidade-de-um-ventilador-axial\/#primaryimage"},"thumbnailUrl":"https:\/\/www.envetherm.com\/blog\/wp-content\/uploads\/2025\/09\/ventilador-modelo-vl-1.webp","datePublished":"2025-09-24T19:10:34+00:00","dateModified":"2025-09-24T19:10:34+00:00","description":"Descubra os principais fatores que indicam quando sua ind\u00fastria ou galp\u00e3o precisa de um ventilador axial para garantir efici\u00eancia e conforto.","breadcrumb":{"@id":"https:\/\/www.envetherm.com\/blog\/2025\/09\/24\/fatores-que-indicam-necessidade-de-um-ventilador-axial\/#breadcrumb"},"inLanguage":"pt-BR","potentialAction":[{"@type":"ReadAction","target":["https:\/\/www.envetherm.com\/blog\/2025\/09\/24\/fatores-que-indicam-necessidade-de-um-ventilador-axial\/"]}]},{"@type":"ImageObject","inLanguage":"pt-BR","@id":"https:\/\/www.envetherm.com\/blog\/2025\/09\/24\/fatores-que-indicam-necessidade-de-um-ventilador-axial\/#primaryimage","url":"https:\/\/www.envetherm.com\/blog\/wp-content\/uploads\/2025\/09\/ventilador-modelo-vl-1.webp","contentUrl":"https:\/\/www.envetherm.com\/blog\/wp-content\/uploads\/2025\/09\/ventilador-modelo-vl-1.webp","width":370,"height":281,"caption":"Fatores que indicam necessidade de um ventilador axial"},{"@type":"BreadcrumbList","@id":"https:\/\/www.envetherm.com\/blog\/2025\/09\/24\/fatores-que-indicam-necessidade-de-um-ventilador-axial\/#breadcrumb","itemListElement":[{"@type":"ListItem","position":1,"name":"In\u00edcio","item":"https:\/\/www.envetherm.com\/blog\/"},{"@type":"ListItem","position":2,"name":"Fatores que indicam necessidade de um ventilador axial"}]},{"@type":"WebSite","@id":"https:\/\/www.envetherm.com\/blog\/#website","url":"https:\/\/www.envetherm.com\/blog\/","name":"Blog","description":"Dicas e novidades sobre ventila\u00e7\u00e3o","publisher":{"@id":"https:\/\/www.envetherm.com\/blog\/#organization"},"potentialAction":[{"@type":"SearchAction","target":{"@type":"EntryPoint","urlTemplate":"https:\/\/www.envetherm.com\/blog\/?s={search_term_string}"},"query-input":{"@type":"PropertyValueSpecification","valueRequired":true,"valueName":"search_term_string"}}],"inLanguage":"pt-BR"},{"@type":"Organization","@id":"https:\/\/www.envetherm.com\/blog\/#organization","name":"Blog","url":"https:\/\/www.envetherm.com\/blog\/","logo":{"@type":"ImageObject","inLanguage":"pt-BR","@id":"https:\/\/www.envetherm.com\/blog\/#\/schema\/logo\/image\/","url":"https:\/\/www.envetherm.com\/blog\/wp-content\/uploads\/2021\/04\/envethermlogo.png","contentUrl":"https:\/\/www.envetherm.com\/blog\/wp-content\/uploads\/2021\/04\/envethermlogo.png","width":397,"height":96,"caption":"Blog"},"image":{"@id":"https:\/\/www.envetherm.com\/blog\/#\/schema\/logo\/image\/"}},{"@type":"Person","@id":"https:\/\/www.envetherm.com\/blog\/#\/schema\/person\/0193d66cd2c13c7c925f6d25d7d3f04d","name":"admin","image":{"@type":"ImageObject","inLanguage":"pt-BR","@id":"https:\/\/www.envetherm.com\/blog\/#\/schema\/person\/image\/","url":"https:\/\/secure.gravatar.com\/avatar\/519708a100015b8733851e7e19a5cb29b4cceab1427abae743dff12effd8a77f?s=96&d=mm&r=g","contentUrl":"https:\/\/secure.gravatar.com\/avatar\/519708a100015b8733851e7e19a5cb29b4cceab1427abae743dff12effd8a77f?s=96&d=mm&r=g","caption":"admin"},"sameAs":["https:\/\/envetherm.com\/blog"],"url":"https:\/\/www.envetherm.com\/blog\/author\/admin\/"}]}},"_links":{"self":[{"href":"https:\/\/www.envetherm.com\/blog\/wp-json\/wp\/v2\/posts\/406","targetHints":{"allow":["GET"]}}],"collection":[{"href":"https:\/\/www.envetherm.com\/blog\/wp-json\/wp\/v2\/posts"}],"about":[{"href":"https:\/\/www.envetherm.com\/blog\/wp-json\/wp\/v2\/types\/post"}],"author":[{"embeddable":true,"href":"https:\/\/www.envetherm.com\/blog\/wp-json\/wp\/v2\/users\/1"}],"replies":[{"embeddable":true,"href":"https:\/\/www.envetherm.com\/blog\/wp-json\/wp\/v2\/comments?post=406"}],"version-history":[{"count":1,"href":"https:\/\/www.envetherm.com\/blog\/wp-json\/wp\/v2\/posts\/406\/revisions"}],"predecessor-version":[{"id":409,"href":"https:\/\/www.envetherm.com\/blog\/wp-json\/wp\/v2\/posts\/406\/revisions\/409"}],"wp:featuredmedia":[{"embeddable":true,"href":"https:\/\/www.envetherm.com\/blog\/wp-json\/wp\/v2\/media\/407"}],"wp:attachment":[{"href":"https:\/\/www.envetherm.com\/blog\/wp-json\/wp\/v2\/media?parent=406"}],"wp:term":[{"taxonomy":"category","embeddable":true,"href":"https:\/\/www.envetherm.com\/blog\/wp-json\/wp\/v2\/categories?post=406"},{"taxonomy":"post_tag","embeddable":true,"href":"https:\/\/www.envetherm.com\/blog\/wp-json\/wp\/v2\/tags?post=406"}],"curies":[{"name":"wp","href":"https:\/\/api.w.org\/{rel}","templated":true}]}}