{"id":294,"date":"2025-06-13T13:53:21","date_gmt":"2025-06-13T13:53:21","guid":{"rendered":"https:\/\/www.envetherm.com\/blog\/?p=294"},"modified":"2025-06-13T13:54:55","modified_gmt":"2025-06-13T13:54:55","slug":"ventilador-industrial-para-parede-a-combinacao-perfeita-de-mobilidade-e-eficiencia","status":"publish","type":"post","link":"https:\/\/www.envetherm.com\/blog\/2025\/06\/13\/ventilador-industrial-para-parede-a-combinacao-perfeita-de-mobilidade-e-eficiencia\/","title":{"rendered":"Ventilador industrial para parede: a combina\u00e7\u00e3o perfeita de mobilidade e efici\u00eancia"},"content":{"rendered":"\n<p class=\"has-medium-font-size\"><strong><em>Conhe\u00e7a como o ventilador industrial para parede oferece mobilidade, efici\u00eancia energ\u00e9tica e ventila\u00e7\u00e3o ideal para grandes \u00e1reas.<\/em><\/strong><\/p>\n\n\n\n<p>Garantir um ambiente de trabalho confort\u00e1vel e seguro em \u00e1reas industriais \u00e9 mais do que uma quest\u00e3o de bem-estar \u2014 \u00e9 uma necessidade estrat\u00e9gica. O calor excessivo reduz a produtividade, compromete a sa\u00fade dos trabalhadores e pode at\u00e9 afetar a conserva\u00e7\u00e3o de materiais sens\u00edveis.<\/p>\n\n\n\n<p>Nesse cen\u00e1rio, o ventilador industrial para parede se destaca como uma alternativa inteligente. Combinando mobilidade e efici\u00eancia, ele resolve o problema da ventila\u00e7\u00e3o em ambientes amplos, sem ocupar espa\u00e7o \u00fatil no piso.<\/p>\n\n\n\n<p>Se voc\u00ea est\u00e1 buscando uma solu\u00e7\u00e3o robusta, silenciosa e econ\u00f4mica para o seu espa\u00e7o, este artigo vai te mostrar por que o ventilador industrial para parede pode ser exatamente o que voc\u00ea precisa.<\/p>\n\n\n\n<h2 class=\"wp-block-heading\"><strong>Por que escolher um ventilador industrial para parede?<\/strong><\/h2>\n\n\n\n<p>Ao contr\u00e1rio dos modelos convencionais, o ventilador industrial para parede \u00e9 projetado para atender ambientes de grande porte. Seu diferencial come\u00e7a pela<strong> instala\u00e7\u00e3o elevada<\/strong>, que libera o ch\u00e3o e evita interfer\u00eancia em linhas de produ\u00e7\u00e3o ou circula\u00e7\u00e3o de pessoas.<\/p>\n\n\n\n<p>Al\u00e9m disso, esse tipo de ventilador oferece <strong>grande alcance do fluxo de ar<\/strong>, sendo capaz de refrescar \u00e1reas extensas com efici\u00eancia. Isso acontece gra\u00e7as ao design aerodin\u00e2mico das p\u00e1s e \u00e0 estrutura robusta do equipamento, que suporta longas jornadas de funcionamento cont\u00ednuo.<\/p>\n\n\n\n<p>Outro ponto forte \u00e9 a <strong>redu\u00e7\u00e3o de consumo energ\u00e9tico<\/strong>, uma vez que os ventiladores industriais mais modernos utilizam motores de baixo consumo e tecnologias que otimizam o desempenho.<\/p>\n\n\n\n<ul class=\"wp-block-list\">\n<li><a href=\"https:\/\/www.envetherm.com\/blog\/2025\/06\/12\/empresa-de-exaustor-industrial-conheca-a-envetherm\/\">Empresa de exaustor industrial: conhe\u00e7a a Envetherm<\/a><\/li>\n<\/ul>\n\n\n\n<h2 class=\"wp-block-heading\"><strong>Mobilidade: o segredo da efici\u00eancia cont\u00ednua<\/strong><\/h2>\n\n\n\n<p>A capacidade de ajustar o direcionamento do fluxo de ar \u00e9 um dos diferenciais mais valiosos do <strong>ventilador industrial para parede<\/strong>. Essa mobilidade garante uma ventila\u00e7\u00e3o mais precisa, adaptada \u00e0s necessidades do ambiente e ao posicionamento dos equipamentos e colaboradores.<\/p>\n\n\n\n<p>Veja como essa mobilidade faz a diferen\u00e7a no dia a dia industrial:<\/p>\n\n\n\n<ul class=\"wp-block-list\">\n<li><strong>Ajustes verticais e horizontais:<\/strong> permite direcionar o ar para cima, para baixo e para os lados, garantindo que o fluxo alcance todos os pontos cr\u00edticos do espa\u00e7o;<br><br><\/li>\n\n\n\n<li><strong>Suporte em \u201cU\u201d com m\u00e3o francesa:<\/strong> facilita a fixa\u00e7\u00e3o em paredes ou colunas com seguran\u00e7a e estabilidade, sem ocupar espa\u00e7o no piso;<br><br><\/li>\n\n\n\n<li><strong>Adequa\u00e7\u00e3o a mudan\u00e7as no layout:<\/strong> ideal para ind\u00fastrias que alteram frequentemente a disposi\u00e7\u00e3o dos setores, linhas de produ\u00e7\u00e3o ou \u00e1reas operacionais;<br><br><\/li>\n\n\n\n<li><strong>Ventila\u00e7\u00e3o direcionada por setor:<\/strong> possibilita controlar o fluxo de ar em \u00e1reas espec\u00edficas, reduzindo a temperatura apenas onde realmente \u00e9 necess\u00e1rio;<br><br><\/li>\n\n\n\n<li><strong>Melhora na renova\u00e7\u00e3o do ar:<\/strong> a mobilidade contribui para uma ventila\u00e7\u00e3o mais din\u00e2mica, evitando bols\u00f5es de ar quente ou abafado em grandes ambientes.<br><\/li>\n<\/ul>\n\n\n\n<p>Essa combina\u00e7\u00e3o de <strong>flexibilidade e controle do fluxo<\/strong> torna o ventilador de parede um aliado essencial para a efici\u00eancia energ\u00e9tica e o bem-estar dos profissionais no ambiente de trabalho.<\/p>\n\n\n\n<ul class=\"wp-block-list\">\n<li><a href=\"https:\/\/www.envetherm.com\/blog\/2025\/06\/09\/climatizador-evaporativo-industrial-conheca-suas-aplicacoes-e-onde-encontrar\/\">Climatizador evaporativo industrial: conhe\u00e7a suas aplica\u00e7\u00f5es e onde encontrar<\/a><\/li>\n<\/ul>\n\n\n\n<h2 class=\"wp-block-heading\"><strong>Economia de energia e baixo ru\u00eddo: um diferencial competitivo<\/strong><\/h2>\n\n\n\n<p>Em um cen\u00e1rio industrial, cada centavo economizado faz diferen\u00e7a. Por isso, o <strong>baixo consumo de energia<\/strong> dos ventiladores industriais de parede \u00e9 um diferencial importante. Equipados com motores eficientes, esses ventiladores oferecem alta performance com gasto m\u00ednimo.<\/p>\n\n\n\n<p>Al\u00e9m disso, os melhores modelos do mercado s\u00e3o projetados para operar com <strong>baixo n\u00edvel de ru\u00eddo<\/strong>, respeitando normas t\u00e9cnicas como a NBR 10151 da ABNT. Isso significa ambientes de trabalho mais silenciosos, sem comprometer a produtividade.<\/p>\n\n\n\n<p>Para empresas que priorizam sustentabilidade e responsabilidade ambiental, essa combina\u00e7\u00e3o de efici\u00eancia energ\u00e9tica e durabilidade refor\u00e7a o compromisso com pr\u00e1ticas mais conscientes e econ\u00f4micas.<\/p>\n\n\n\n<ul class=\"wp-block-list\">\n<li><a href=\"https:\/\/www.envetherm.com\/blog\/2025\/05\/28\/empresa-de-ventilacao-industrial-conheca-as-solucoes-da-envetherm\/\">Empresa de ventila\u00e7\u00e3o industrial: conhe\u00e7a as solu\u00e7\u00f5es da Envetherm<\/a><\/li>\n<\/ul>\n\n\n\n<h2 class=\"wp-block-heading\"><strong>Quando o design tamb\u00e9m importa: est\u00e9tica e funcionalidade lado a lado<\/strong><\/h2>\n\n\n<div class=\"wp-block-image\">\n<figure class=\"alignright size-full is-resized\"><img loading=\"lazy\" decoding=\"async\" width=\"370\" height=\"281\" src=\"https:\/\/www.envetherm.com\/blog\/wp-content\/uploads\/2025\/06\/ventilador-modelo-vl.webp\" alt=\"\" class=\"wp-image-296\" style=\"width:260px;height:auto\" srcset=\"https:\/\/www.envetherm.com\/blog\/wp-content\/uploads\/2025\/06\/ventilador-modelo-vl.webp 370w, https:\/\/www.envetherm.com\/blog\/wp-content\/uploads\/2025\/06\/ventilador-modelo-vl-300x228.webp 300w, https:\/\/www.envetherm.com\/blog\/wp-content\/uploads\/2025\/06\/ventilador-modelo-vl-120x90.webp 120w, https:\/\/www.envetherm.com\/blog\/wp-content\/uploads\/2025\/06\/ventilador-modelo-vl-150x114.webp 150w\" sizes=\"auto, (max-width: 370px) 100vw, 370px\" \/><\/figure>\n<\/div>\n\n\n<p>Quem pensa que equipamentos industriais n\u00e3o precisam de design est\u00e1 enganado. O ventilador industrial para parede, quando bem projetado, alia forma e fun\u00e7\u00e3o, contribuindo n\u00e3o apenas com a climatiza\u00e7\u00e3o do ambiente, mas tamb\u00e9m com a <strong>est\u00e9tica e organiza\u00e7\u00e3o do espa\u00e7o<\/strong>.<\/p>\n\n\n\n<p>Modelos com acabamento resistente \u00e0 corros\u00e3o, pintura eletrost\u00e1tica e estrutura refor\u00e7ada oferecem <strong>durabilidade e apar\u00eancia profissional<\/strong>. Em locais com circula\u00e7\u00e3o de visitantes ou ambientes de produ\u00e7\u00e3o mais sofisticados, esse cuidado com o visual tamb\u00e9m conta pontos.<\/p>\n\n\n\n<p>Mais do que um equipamento funcional, o ventilador se integra ao projeto arquitet\u00f4nico da planta industrial, demonstrando <strong>aten\u00e7\u00e3o aos detalhes e ao bem-estar dos colaboradores<\/strong>.<\/p>\n\n\n\n<ul class=\"wp-block-list\">\n<li><a href=\"https:\/\/www.envetherm.com\/blog\/2025\/05\/27\/onde-comprar-exaustor-industrial-contra-po-e-calor\/\">Onde comprar exaustor industrial contra p\u00f3 e calor<\/a><\/li>\n<\/ul>\n\n\n\n<h2 class=\"wp-block-heading\"><strong>Aplica\u00e7\u00f5es vers\u00e1teis em diferentes segmentos<\/strong><\/h2>\n\n\n\n<p>O <strong>ventilador industrial para parede<\/strong> \u00e9 uma solu\u00e7\u00e3o pr\u00e1tica e eficaz que se adapta a diversos cen\u00e1rios. Sua estrutura compacta, aliada \u00e0 pot\u00eancia e mobilidade, permite que seja utilizado em ambientes variados, sempre com o objetivo de <strong>garantir conforto t\u00e9rmico e otimizar a circula\u00e7\u00e3o de ar<\/strong>.<\/p>\n\n\n\n<p>Confira alguns dos principais segmentos que se beneficiam desse equipamento:<\/p>\n\n\n\n<ul class=\"wp-block-list\">\n<li><strong>Galp\u00f5es log\u00edsticos:<\/strong> melhora a circula\u00e7\u00e3o do ar em grandes \u00e1reas de armazenamento, reduzindo a concentra\u00e7\u00e3o de calor e aumentando a seguran\u00e7a e o conforto dos colaboradores;<br><br><\/li>\n\n\n\n<li><strong>F\u00e1bricas e ind\u00fastrias de transforma\u00e7\u00e3o:<\/strong> mant\u00e9m a temperatura controlada em ambientes com m\u00e1quinas e calor intenso, evitando sobreaquecimento e melhorando o rendimento dos trabalhadores;<br><br><\/li>\n\n\n\n<li><strong>Oficinas e centros automotivos:<\/strong> ventila o ambiente e dissipa odores fortes de combust\u00edveis e produtos qu\u00edmicos, promovendo condi\u00e7\u00f5es de trabalho mais agrad\u00e1veis;<br><br><\/li>\n\n\n\n<li><strong>Centros de distribui\u00e7\u00e3o e estoques:<\/strong> evita o ac\u00famulo de ar quente e \u00famido, que pode comprometer a integridade de produtos sens\u00edveis;<br><br><\/li>\n\n\n\n<li><strong>Academias e gin\u00e1sios esportivos:<\/strong> oferece conforto t\u00e9rmico durante atividades f\u00edsicas intensas, mesmo em locais amplos e de grande circula\u00e7\u00e3o.<\/li>\n<\/ul>\n\n\n\n<p>Esse n\u00edvel de <strong>versatilidade<\/strong> torna o ventilador industrial para parede uma escolha estrat\u00e9gica para quem busca efici\u00eancia, economia de espa\u00e7o e desempenho duradouro.<\/p>\n\n\n\n<ul class=\"wp-block-list\">\n<li><a href=\"https:\/\/www.envetherm.com\/blog\/2025\/05\/26\/ventilacao-industrial-o-que-considerar-para-reduzir-consumo-energetico-sem-abrir-mao-da-performance\/\">Ventila\u00e7\u00e3o industrial: o que considerar para reduzir consumo energ\u00e9tico sem abrir m\u00e3o da performance<\/a><\/li>\n<\/ul>\n\n\n\n<h2 class=\"wp-block-heading\"><strong>Envetherm: inova\u00e7\u00e3o e performance em ventiladores industriais para parede<\/strong><\/h2>\n\n\n\n<p>H\u00e1 mais de duas d\u00e9cadas no mercado, a <strong>Envetherm<\/strong> revolucionou o setor de ventila\u00e7\u00e3o industrial ao lan\u00e7ar os <strong>Ventiladores Axiais Super Turbo<\/strong>. Com foco em inova\u00e7\u00e3o e desempenho, a empresa desenvolveu solu\u00e7\u00f5es que combinam design aerodin\u00e2mico, tecnologia de ponta e excelente custo-benef\u00edcio.<\/p>\n\n\n\n<p>O <strong>ventilador industrial para parede da Envetherm<\/strong> \u00e9 um dos destaques da marca. Equipado com suporte em \u201cU\u201d e m\u00e3o francesa para fixa\u00e7\u00e3o, permite total mobilidade do fluxo de ar: <strong>movimenta-se para cima, para baixo e para os lados<\/strong> com extrema facilidade.<\/p>\n\n\n\n<p>Se voc\u00ea busca confiabilidade, alta performance e economia no longo prazo, o ventilador industrial para parede da Envetherm \u00e9 a escolha certa.<\/p>\n\n\n\n<p><strong><a href=\"https:\/\/www.envetherm.com\/contato\" class=\"rank-math-link\">Entre em contato conosco<\/a><\/strong> e descubra como transformar o conforto t\u00e9rmico do seu espa\u00e7o com uma solu\u00e7\u00e3o pr\u00e1tica, eficiente e dur\u00e1vel.<\/p>\n","protected":false},"excerpt":{"rendered":"<p>Conhe\u00e7a como o ventilador industrial para parede oferece mobilidade, efici\u00eancia energ\u00e9tica e ventila\u00e7\u00e3o ideal para grandes \u00e1reas. Garantir um ambiente&hellip; <a class=\"read-more\" href=\"https:\/\/www.envetherm.com\/blog\/2025\/06\/13\/ventilador-industrial-para-parede-a-combinacao-perfeita-de-mobilidade-e-eficiencia\/\">Continue lendo<\/a><\/p>\n","protected":false},"author":1,"featured_media":295,"comment_status":"open","ping_status":"open","sticky":false,"template":"","format":"standard","meta":{"footnotes":""},"categories":[818],"tags":[1611,444,1617,1618,1619,1620,1621,408,1415,1553,1048,1609,1241,1615,1607,1613,1612,1614,1605,1627,1624,1623,1631,1630,1626,1625,1633,1632,1628,1622,1629,1560,1606,1610,1608,1616],"class_list":["post-294","post","type-post","status-publish","format-standard","has-post-thumbnail","hentry","category-ventilador-de-parede-industrial","tag-climatizacao-de-fabricas","tag-conforto-termico-industrial","tag-empresa-de-ventilador-industrial-para-parede","tag-fabrica-de-ventilador-industrial-para-parede","tag-fabricante-de-ventilador-industrial-para-parede","tag-fornecedor-de-ventilador-industrial-para-parede","tag-loja-de-ventilador-industrial-para-parede","tag-ventilacao-industrial-eficiente","tag-ventilacao-para-galpoes-industriais","tag-ventilador-axial-super-turbo","tag-ventilador-com-baixo-consumo","tag-ventilador-com-mao-francesa","tag-ventilador-com-motor-economico","tag-ventilador-com-pas-em-formato-de-asas","tag-ventilador-com-suporte-em-u","tag-ventilador-de-parede-resistente","tag-ventilador-de-parede-robusto","tag-ventilador-industrial-com-design-moderno","tag-ventilador-industrial-para-parede","tag-ventilador-industrial-para-parede-em-promocao","tag-ventilador-industrial-para-parede-em-sao-paulo","tag-ventilador-industrial-para-parede-em-sp","tag-ventilador-industrial-para-parede-na-vila-ema","tag-ventilador-industrial-para-parede-na-vila-formosa","tag-ventilador-industrial-para-parede-na-vila-matilde","tag-ventilador-industrial-para-parede-na-vila-prudente","tag-ventilador-industrial-para-parede-na-zona-leste","tag-ventilador-industrial-para-parede-na-zona-norte","tag-ventilador-industrial-para-parede-perto-de-mim","tag-ventilador-industrial-para-parede-preco","tag-ventilador-industrial-para-parede-proximo-a-mim","tag-ventilador-industrial-silencioso","tag-ventilador-para-conforto-termico","tag-ventilador-para-grandes-areas","tag-ventilador-para-parede-envetherm","tag-ventilador-que-atende-norma-nbr-10151"],"yoast_head":"<!-- This site is optimized with the Yoast SEO plugin v23.6 - https:\/\/yoast.com\/wordpress\/plugins\/seo\/ -->\n<title>Ventilador industrial para parede: a combina\u00e7\u00e3o perfeita de mobilidade e efici\u00eancia - Blog<\/title>\n<meta name=\"description\" content=\"Conhe\u00e7a como o ventilador industrial para parede oferece mobilidade, efici\u00eancia energ\u00e9tica e ventila\u00e7\u00e3o ideal para grandes \u00e1reas.\" \/>\n<meta name=\"robots\" content=\"index, follow, max-snippet:-1, max-image-preview:large, max-video-preview:-1\" \/>\n<link rel=\"canonical\" href=\"https:\/\/www.envetherm.com\/blog\/2025\/06\/13\/ventilador-industrial-para-parede-a-combinacao-perfeita-de-mobilidade-e-eficiencia\/\" \/>\n<meta property=\"og:locale\" content=\"pt_BR\" \/>\n<meta property=\"og:type\" content=\"article\" \/>\n<meta property=\"og:title\" content=\"Ventilador industrial para parede: a combina\u00e7\u00e3o perfeita de mobilidade e efici\u00eancia - Blog\" \/>\n<meta property=\"og:description\" content=\"Conhe\u00e7a como o ventilador industrial para parede oferece mobilidade, efici\u00eancia energ\u00e9tica e ventila\u00e7\u00e3o ideal para grandes \u00e1reas.\" \/>\n<meta property=\"og:url\" content=\"https:\/\/www.envetherm.com\/blog\/2025\/06\/13\/ventilador-industrial-para-parede-a-combinacao-perfeita-de-mobilidade-e-eficiencia\/\" \/>\n<meta property=\"og:site_name\" content=\"Blog\" \/>\n<meta property=\"article:published_time\" content=\"2025-06-13T13:53:21+00:00\" \/>\n<meta property=\"article:modified_time\" content=\"2025-06-13T13:54:55+00:00\" \/>\n<meta property=\"og:image\" content=\"https:\/\/www.envetherm.com\/blog\/wp-content\/uploads\/2025\/06\/ventilador.png\" \/>\n\t<meta property=\"og:image:width\" content=\"359\" \/>\n\t<meta property=\"og:image:height\" content=\"333\" \/>\n\t<meta property=\"og:image:type\" content=\"image\/png\" \/>\n<meta name=\"author\" content=\"admin\" \/>\n<meta name=\"twitter:card\" content=\"summary_large_image\" \/>\n<meta name=\"twitter:label1\" content=\"Escrito por\" \/>\n\t<meta name=\"twitter:data1\" content=\"admin\" \/>\n\t<meta name=\"twitter:label2\" content=\"Est. tempo de leitura\" \/>\n\t<meta name=\"twitter:data2\" content=\"7 minutos\" \/>\n<script type=\"application\/ld+json\" class=\"yoast-schema-graph\">{\"@context\":\"https:\/\/schema.org\",\"@graph\":[{\"@type\":\"Article\",\"@id\":\"https:\/\/www.envetherm.com\/blog\/2025\/06\/13\/ventilador-industrial-para-parede-a-combinacao-perfeita-de-mobilidade-e-eficiencia\/#article\",\"isPartOf\":{\"@id\":\"https:\/\/www.envetherm.com\/blog\/2025\/06\/13\/ventilador-industrial-para-parede-a-combinacao-perfeita-de-mobilidade-e-eficiencia\/\"},\"author\":{\"name\":\"admin\",\"@id\":\"https:\/\/www.envetherm.com\/blog\/#\/schema\/person\/0193d66cd2c13c7c925f6d25d7d3f04d\"},\"headline\":\"Ventilador industrial para parede: a combina\u00e7\u00e3o perfeita de mobilidade e efici\u00eancia\",\"datePublished\":\"2025-06-13T13:53:21+00:00\",\"dateModified\":\"2025-06-13T13:54:55+00:00\",\"mainEntityOfPage\":{\"@id\":\"https:\/\/www.envetherm.com\/blog\/2025\/06\/13\/ventilador-industrial-para-parede-a-combinacao-perfeita-de-mobilidade-e-eficiencia\/\"},\"wordCount\":1187,\"commentCount\":0,\"publisher\":{\"@id\":\"https:\/\/www.envetherm.com\/blog\/#organization\"},\"image\":{\"@id\":\"https:\/\/www.envetherm.com\/blog\/2025\/06\/13\/ventilador-industrial-para-parede-a-combinacao-perfeita-de-mobilidade-e-eficiencia\/#primaryimage\"},\"thumbnailUrl\":\"https:\/\/www.envetherm.com\/blog\/wp-content\/uploads\/2025\/06\/ventilador.png\",\"keywords\":[\"climatiza\u00e7\u00e3o de f\u00e1bricas\",\"conforto t\u00e9rmico industrial\",\"empresa de ventilador industrial para parede\",\"f\u00e1brica de ventilador industrial para parede\",\"fabricante de ventilador industrial para parede\",\"fornecedor de ventilador industrial para parede\",\"loja de ventilador industrial para parede\",\"ventila\u00e7\u00e3o industrial eficiente\",\"ventila\u00e7\u00e3o para galp\u00f5es industriais\",\"ventilador axial super turbo\",\"ventilador com baixo consumo\",\"ventilador com m\u00e3o francesa\",\"ventilador com motor econ\u00f4mico\",\"ventilador com p\u00e1s em formato de asas\",\"ventilador com suporte em U\",\"ventilador de parede resistente\",\"ventilador de parede robusto\",\"ventilador industrial com design moderno\",\"ventilador industrial para parede\",\"ventilador industrial para parede em promo\u00e7\u00e3o\",\"ventilador industrial para parede em s\u00e3o paulo\",\"ventilador industrial para parede em sp\",\"ventilador industrial para parede na Vila Ema\",\"ventilador industrial para parede na Vila Formosa\",\"ventilador industrial para parede na Vila Matilde\",\"ventilador industrial para parede na Vila Prudente\",\"ventilador industrial para parede na zona leste\",\"ventilador industrial para parede na zona norte\",\"ventilador industrial para parede perto de mim\",\"ventilador industrial para parede pre\u00e7o\",\"ventilador industrial para parede pr\u00f3ximo a mim\",\"ventilador industrial silencioso\",\"ventilador para conforto t\u00e9rmico\",\"ventilador para grandes \u00e1reas\",\"ventilador para parede Envetherm\",\"ventilador que atende norma NBR 10151\"],\"articleSection\":[\"ventilador de parede industrial\"],\"inLanguage\":\"pt-BR\",\"potentialAction\":[{\"@type\":\"CommentAction\",\"name\":\"Comment\",\"target\":[\"https:\/\/www.envetherm.com\/blog\/2025\/06\/13\/ventilador-industrial-para-parede-a-combinacao-perfeita-de-mobilidade-e-eficiencia\/#respond\"]}]},{\"@type\":\"WebPage\",\"@id\":\"https:\/\/www.envetherm.com\/blog\/2025\/06\/13\/ventilador-industrial-para-parede-a-combinacao-perfeita-de-mobilidade-e-eficiencia\/\",\"url\":\"https:\/\/www.envetherm.com\/blog\/2025\/06\/13\/ventilador-industrial-para-parede-a-combinacao-perfeita-de-mobilidade-e-eficiencia\/\",\"name\":\"Ventilador industrial para parede: a combina\u00e7\u00e3o perfeita de mobilidade e efici\u00eancia - Blog\",\"isPartOf\":{\"@id\":\"https:\/\/www.envetherm.com\/blog\/#website\"},\"primaryImageOfPage\":{\"@id\":\"https:\/\/www.envetherm.com\/blog\/2025\/06\/13\/ventilador-industrial-para-parede-a-combinacao-perfeita-de-mobilidade-e-eficiencia\/#primaryimage\"},\"image\":{\"@id\":\"https:\/\/www.envetherm.com\/blog\/2025\/06\/13\/ventilador-industrial-para-parede-a-combinacao-perfeita-de-mobilidade-e-eficiencia\/#primaryimage\"},\"thumbnailUrl\":\"https:\/\/www.envetherm.com\/blog\/wp-content\/uploads\/2025\/06\/ventilador.png\",\"datePublished\":\"2025-06-13T13:53:21+00:00\",\"dateModified\":\"2025-06-13T13:54:55+00:00\",\"description\":\"Conhe\u00e7a como o ventilador industrial para parede oferece mobilidade, efici\u00eancia energ\u00e9tica e ventila\u00e7\u00e3o ideal para grandes \u00e1reas.\",\"breadcrumb\":{\"@id\":\"https:\/\/www.envetherm.com\/blog\/2025\/06\/13\/ventilador-industrial-para-parede-a-combinacao-perfeita-de-mobilidade-e-eficiencia\/#breadcrumb\"},\"inLanguage\":\"pt-BR\",\"potentialAction\":[{\"@type\":\"ReadAction\",\"target\":[\"https:\/\/www.envetherm.com\/blog\/2025\/06\/13\/ventilador-industrial-para-parede-a-combinacao-perfeita-de-mobilidade-e-eficiencia\/\"]}]},{\"@type\":\"ImageObject\",\"inLanguage\":\"pt-BR\",\"@id\":\"https:\/\/www.envetherm.com\/blog\/2025\/06\/13\/ventilador-industrial-para-parede-a-combinacao-perfeita-de-mobilidade-e-eficiencia\/#primaryimage\",\"url\":\"https:\/\/www.envetherm.com\/blog\/wp-content\/uploads\/2025\/06\/ventilador.png\",\"contentUrl\":\"https:\/\/www.envetherm.com\/blog\/wp-content\/uploads\/2025\/06\/ventilador.png\",\"width\":359,\"height\":333,\"caption\":\"Ventilador industrial para parede: a combina\u00e7\u00e3o perfeita de mobilidade e efici\u00eancia\"},{\"@type\":\"BreadcrumbList\",\"@id\":\"https:\/\/www.envetherm.com\/blog\/2025\/06\/13\/ventilador-industrial-para-parede-a-combinacao-perfeita-de-mobilidade-e-eficiencia\/#breadcrumb\",\"itemListElement\":[{\"@type\":\"ListItem\",\"position\":1,\"name\":\"In\u00edcio\",\"item\":\"https:\/\/www.envetherm.com\/blog\/\"},{\"@type\":\"ListItem\",\"position\":2,\"name\":\"Ventilador industrial para parede: a combina\u00e7\u00e3o perfeita de mobilidade e efici\u00eancia\"}]},{\"@type\":\"WebSite\",\"@id\":\"https:\/\/www.envetherm.com\/blog\/#website\",\"url\":\"https:\/\/www.envetherm.com\/blog\/\",\"name\":\"Blog\",\"description\":\"Dicas e novidades sobre ventila\u00e7\u00e3o\",\"publisher\":{\"@id\":\"https:\/\/www.envetherm.com\/blog\/#organization\"},\"potentialAction\":[{\"@type\":\"SearchAction\",\"target\":{\"@type\":\"EntryPoint\",\"urlTemplate\":\"https:\/\/www.envetherm.com\/blog\/?s={search_term_string}\"},\"query-input\":{\"@type\":\"PropertyValueSpecification\",\"valueRequired\":true,\"valueName\":\"search_term_string\"}}],\"inLanguage\":\"pt-BR\"},{\"@type\":\"Organization\",\"@id\":\"https:\/\/www.envetherm.com\/blog\/#organization\",\"name\":\"Blog\",\"url\":\"https:\/\/www.envetherm.com\/blog\/\",\"logo\":{\"@type\":\"ImageObject\",\"inLanguage\":\"pt-BR\",\"@id\":\"https:\/\/www.envetherm.com\/blog\/#\/schema\/logo\/image\/\",\"url\":\"https:\/\/www.envetherm.com\/blog\/wp-content\/uploads\/2021\/04\/envethermlogo.png\",\"contentUrl\":\"https:\/\/www.envetherm.com\/blog\/wp-content\/uploads\/2021\/04\/envethermlogo.png\",\"width\":397,\"height\":96,\"caption\":\"Blog\"},\"image\":{\"@id\":\"https:\/\/www.envetherm.com\/blog\/#\/schema\/logo\/image\/\"}},{\"@type\":\"Person\",\"@id\":\"https:\/\/www.envetherm.com\/blog\/#\/schema\/person\/0193d66cd2c13c7c925f6d25d7d3f04d\",\"name\":\"admin\",\"image\":{\"@type\":\"ImageObject\",\"inLanguage\":\"pt-BR\",\"@id\":\"https:\/\/www.envetherm.com\/blog\/#\/schema\/person\/image\/\",\"url\":\"https:\/\/secure.gravatar.com\/avatar\/519708a100015b8733851e7e19a5cb29b4cceab1427abae743dff12effd8a77f?s=96&d=mm&r=g\",\"contentUrl\":\"https:\/\/secure.gravatar.com\/avatar\/519708a100015b8733851e7e19a5cb29b4cceab1427abae743dff12effd8a77f?s=96&d=mm&r=g\",\"caption\":\"admin\"},\"sameAs\":[\"https:\/\/envetherm.com\/blog\"],\"url\":\"https:\/\/www.envetherm.com\/blog\/author\/admin\/\"}]}<\/script>\n<!-- \/ Yoast SEO plugin. -->","yoast_head_json":{"title":"Ventilador industrial para parede: a combina\u00e7\u00e3o perfeita de mobilidade e efici\u00eancia - Blog","description":"Conhe\u00e7a como o ventilador industrial para parede oferece mobilidade, efici\u00eancia energ\u00e9tica e ventila\u00e7\u00e3o ideal para grandes \u00e1reas.","robots":{"index":"index","follow":"follow","max-snippet":"max-snippet:-1","max-image-preview":"max-image-preview:large","max-video-preview":"max-video-preview:-1"},"canonical":"https:\/\/www.envetherm.com\/blog\/2025\/06\/13\/ventilador-industrial-para-parede-a-combinacao-perfeita-de-mobilidade-e-eficiencia\/","og_locale":"pt_BR","og_type":"article","og_title":"Ventilador industrial para parede: a combina\u00e7\u00e3o perfeita de mobilidade e efici\u00eancia - Blog","og_description":"Conhe\u00e7a como o ventilador industrial para parede oferece mobilidade, efici\u00eancia energ\u00e9tica e ventila\u00e7\u00e3o ideal para grandes \u00e1reas.","og_url":"https:\/\/www.envetherm.com\/blog\/2025\/06\/13\/ventilador-industrial-para-parede-a-combinacao-perfeita-de-mobilidade-e-eficiencia\/","og_site_name":"Blog","article_published_time":"2025-06-13T13:53:21+00:00","article_modified_time":"2025-06-13T13:54:55+00:00","og_image":[{"width":359,"height":333,"url":"https:\/\/www.envetherm.com\/blog\/wp-content\/uploads\/2025\/06\/ventilador.png","type":"image\/png"}],"author":"admin","twitter_card":"summary_large_image","twitter_misc":{"Escrito por":"admin","Est. tempo de leitura":"7 minutos"},"schema":{"@context":"https:\/\/schema.org","@graph":[{"@type":"Article","@id":"https:\/\/www.envetherm.com\/blog\/2025\/06\/13\/ventilador-industrial-para-parede-a-combinacao-perfeita-de-mobilidade-e-eficiencia\/#article","isPartOf":{"@id":"https:\/\/www.envetherm.com\/blog\/2025\/06\/13\/ventilador-industrial-para-parede-a-combinacao-perfeita-de-mobilidade-e-eficiencia\/"},"author":{"name":"admin","@id":"https:\/\/www.envetherm.com\/blog\/#\/schema\/person\/0193d66cd2c13c7c925f6d25d7d3f04d"},"headline":"Ventilador industrial para parede: a combina\u00e7\u00e3o perfeita de mobilidade e efici\u00eancia","datePublished":"2025-06-13T13:53:21+00:00","dateModified":"2025-06-13T13:54:55+00:00","mainEntityOfPage":{"@id":"https:\/\/www.envetherm.com\/blog\/2025\/06\/13\/ventilador-industrial-para-parede-a-combinacao-perfeita-de-mobilidade-e-eficiencia\/"},"wordCount":1187,"commentCount":0,"publisher":{"@id":"https:\/\/www.envetherm.com\/blog\/#organization"},"image":{"@id":"https:\/\/www.envetherm.com\/blog\/2025\/06\/13\/ventilador-industrial-para-parede-a-combinacao-perfeita-de-mobilidade-e-eficiencia\/#primaryimage"},"thumbnailUrl":"https:\/\/www.envetherm.com\/blog\/wp-content\/uploads\/2025\/06\/ventilador.png","keywords":["climatiza\u00e7\u00e3o de f\u00e1bricas","conforto t\u00e9rmico industrial","empresa de ventilador industrial para parede","f\u00e1brica de ventilador industrial para parede","fabricante de ventilador industrial para parede","fornecedor de ventilador industrial para parede","loja de ventilador industrial para parede","ventila\u00e7\u00e3o industrial eficiente","ventila\u00e7\u00e3o para galp\u00f5es industriais","ventilador axial super turbo","ventilador com baixo consumo","ventilador com m\u00e3o francesa","ventilador com motor econ\u00f4mico","ventilador com p\u00e1s em formato de asas","ventilador com suporte em U","ventilador de parede resistente","ventilador de parede robusto","ventilador industrial com design moderno","ventilador industrial para parede","ventilador industrial para parede em promo\u00e7\u00e3o","ventilador industrial para parede em s\u00e3o paulo","ventilador industrial para parede em sp","ventilador industrial para parede na Vila Ema","ventilador industrial para parede na Vila Formosa","ventilador industrial para parede na Vila Matilde","ventilador industrial para parede na Vila Prudente","ventilador industrial para parede na zona leste","ventilador industrial para parede na zona norte","ventilador industrial para parede perto de mim","ventilador industrial para parede pre\u00e7o","ventilador industrial para parede pr\u00f3ximo a mim","ventilador industrial silencioso","ventilador para conforto t\u00e9rmico","ventilador para grandes \u00e1reas","ventilador para parede Envetherm","ventilador que atende norma NBR 10151"],"articleSection":["ventilador de parede industrial"],"inLanguage":"pt-BR","potentialAction":[{"@type":"CommentAction","name":"Comment","target":["https:\/\/www.envetherm.com\/blog\/2025\/06\/13\/ventilador-industrial-para-parede-a-combinacao-perfeita-de-mobilidade-e-eficiencia\/#respond"]}]},{"@type":"WebPage","@id":"https:\/\/www.envetherm.com\/blog\/2025\/06\/13\/ventilador-industrial-para-parede-a-combinacao-perfeita-de-mobilidade-e-eficiencia\/","url":"https:\/\/www.envetherm.com\/blog\/2025\/06\/13\/ventilador-industrial-para-parede-a-combinacao-perfeita-de-mobilidade-e-eficiencia\/","name":"Ventilador industrial para parede: a combina\u00e7\u00e3o perfeita de mobilidade e efici\u00eancia - Blog","isPartOf":{"@id":"https:\/\/www.envetherm.com\/blog\/#website"},"primaryImageOfPage":{"@id":"https:\/\/www.envetherm.com\/blog\/2025\/06\/13\/ventilador-industrial-para-parede-a-combinacao-perfeita-de-mobilidade-e-eficiencia\/#primaryimage"},"image":{"@id":"https:\/\/www.envetherm.com\/blog\/2025\/06\/13\/ventilador-industrial-para-parede-a-combinacao-perfeita-de-mobilidade-e-eficiencia\/#primaryimage"},"thumbnailUrl":"https:\/\/www.envetherm.com\/blog\/wp-content\/uploads\/2025\/06\/ventilador.png","datePublished":"2025-06-13T13:53:21+00:00","dateModified":"2025-06-13T13:54:55+00:00","description":"Conhe\u00e7a como o ventilador industrial para parede oferece mobilidade, efici\u00eancia energ\u00e9tica e ventila\u00e7\u00e3o ideal para grandes \u00e1reas.","breadcrumb":{"@id":"https:\/\/www.envetherm.com\/blog\/2025\/06\/13\/ventilador-industrial-para-parede-a-combinacao-perfeita-de-mobilidade-e-eficiencia\/#breadcrumb"},"inLanguage":"pt-BR","potentialAction":[{"@type":"ReadAction","target":["https:\/\/www.envetherm.com\/blog\/2025\/06\/13\/ventilador-industrial-para-parede-a-combinacao-perfeita-de-mobilidade-e-eficiencia\/"]}]},{"@type":"ImageObject","inLanguage":"pt-BR","@id":"https:\/\/www.envetherm.com\/blog\/2025\/06\/13\/ventilador-industrial-para-parede-a-combinacao-perfeita-de-mobilidade-e-eficiencia\/#primaryimage","url":"https:\/\/www.envetherm.com\/blog\/wp-content\/uploads\/2025\/06\/ventilador.png","contentUrl":"https:\/\/www.envetherm.com\/blog\/wp-content\/uploads\/2025\/06\/ventilador.png","width":359,"height":333,"caption":"Ventilador industrial para parede: a combina\u00e7\u00e3o perfeita de mobilidade e efici\u00eancia"},{"@type":"BreadcrumbList","@id":"https:\/\/www.envetherm.com\/blog\/2025\/06\/13\/ventilador-industrial-para-parede-a-combinacao-perfeita-de-mobilidade-e-eficiencia\/#breadcrumb","itemListElement":[{"@type":"ListItem","position":1,"name":"In\u00edcio","item":"https:\/\/www.envetherm.com\/blog\/"},{"@type":"ListItem","position":2,"name":"Ventilador industrial para parede: a combina\u00e7\u00e3o perfeita de mobilidade e efici\u00eancia"}]},{"@type":"WebSite","@id":"https:\/\/www.envetherm.com\/blog\/#website","url":"https:\/\/www.envetherm.com\/blog\/","name":"Blog","description":"Dicas e novidades sobre ventila\u00e7\u00e3o","publisher":{"@id":"https:\/\/www.envetherm.com\/blog\/#organization"},"potentialAction":[{"@type":"SearchAction","target":{"@type":"EntryPoint","urlTemplate":"https:\/\/www.envetherm.com\/blog\/?s={search_term_string}"},"query-input":{"@type":"PropertyValueSpecification","valueRequired":true,"valueName":"search_term_string"}}],"inLanguage":"pt-BR"},{"@type":"Organization","@id":"https:\/\/www.envetherm.com\/blog\/#organization","name":"Blog","url":"https:\/\/www.envetherm.com\/blog\/","logo":{"@type":"ImageObject","inLanguage":"pt-BR","@id":"https:\/\/www.envetherm.com\/blog\/#\/schema\/logo\/image\/","url":"https:\/\/www.envetherm.com\/blog\/wp-content\/uploads\/2021\/04\/envethermlogo.png","contentUrl":"https:\/\/www.envetherm.com\/blog\/wp-content\/uploads\/2021\/04\/envethermlogo.png","width":397,"height":96,"caption":"Blog"},"image":{"@id":"https:\/\/www.envetherm.com\/blog\/#\/schema\/logo\/image\/"}},{"@type":"Person","@id":"https:\/\/www.envetherm.com\/blog\/#\/schema\/person\/0193d66cd2c13c7c925f6d25d7d3f04d","name":"admin","image":{"@type":"ImageObject","inLanguage":"pt-BR","@id":"https:\/\/www.envetherm.com\/blog\/#\/schema\/person\/image\/","url":"https:\/\/secure.gravatar.com\/avatar\/519708a100015b8733851e7e19a5cb29b4cceab1427abae743dff12effd8a77f?s=96&d=mm&r=g","contentUrl":"https:\/\/secure.gravatar.com\/avatar\/519708a100015b8733851e7e19a5cb29b4cceab1427abae743dff12effd8a77f?s=96&d=mm&r=g","caption":"admin"},"sameAs":["https:\/\/envetherm.com\/blog"],"url":"https:\/\/www.envetherm.com\/blog\/author\/admin\/"}]}},"_links":{"self":[{"href":"https:\/\/www.envetherm.com\/blog\/wp-json\/wp\/v2\/posts\/294","targetHints":{"allow":["GET"]}}],"collection":[{"href":"https:\/\/www.envetherm.com\/blog\/wp-json\/wp\/v2\/posts"}],"about":[{"href":"https:\/\/www.envetherm.com\/blog\/wp-json\/wp\/v2\/types\/post"}],"author":[{"embeddable":true,"href":"https:\/\/www.envetherm.com\/blog\/wp-json\/wp\/v2\/users\/1"}],"replies":[{"embeddable":true,"href":"https:\/\/www.envetherm.com\/blog\/wp-json\/wp\/v2\/comments?post=294"}],"version-history":[{"count":1,"href":"https:\/\/www.envetherm.com\/blog\/wp-json\/wp\/v2\/posts\/294\/revisions"}],"predecessor-version":[{"id":297,"href":"https:\/\/www.envetherm.com\/blog\/wp-json\/wp\/v2\/posts\/294\/revisions\/297"}],"wp:featuredmedia":[{"embeddable":true,"href":"https:\/\/www.envetherm.com\/blog\/wp-json\/wp\/v2\/media\/295"}],"wp:attachment":[{"href":"https:\/\/www.envetherm.com\/blog\/wp-json\/wp\/v2\/media?parent=294"}],"wp:term":[{"taxonomy":"category","embeddable":true,"href":"https:\/\/www.envetherm.com\/blog\/wp-json\/wp\/v2\/categories?post=294"},{"taxonomy":"post_tag","embeddable":true,"href":"https:\/\/www.envetherm.com\/blog\/wp-json\/wp\/v2\/tags?post=294"}],"curies":[{"name":"wp","href":"https:\/\/api.w.org\/{rel}","templated":true}]}}